{"id":26671,"date":"2024-03-18T16:03:00","date_gmt":"2024-03-18T16:03:00","guid":{"rendered":"https:\/\/www.calfusterdetous.com\/?p=26671"},"modified":"2024-03-18T16:05:38","modified_gmt":"2024-03-18T16:05:38","slug":"descobreix-lemocio-de-la-cursa-volcat-i-gaudeix-de-lallotjament-a-cal-fuster-de-la-placa","status":"publish","type":"post","link":"https:\/\/www.calfusterdetous.com\/cast\/descobreix-lemocio-de-la-cursa-volcat-i-gaudeix-de-lallotjament-a-cal-fuster-de-la-placa\/","title":{"rendered":"Descubre la emoci\u00f3n de la carrera Volcat y disfruta de alojarte en Cal Fuster de la pla\u00e7a"},"content":{"rendered":"<p>Benvinguts tots els amants de l&#8217;aventura i la natura! Us volem parlar d&#8217;una experi\u00e8ncia \u00fanica que est\u00e0 a punt de desplegar-se als a prop de la nostra casa rural Cal Fuster de la Pla\u00e7a. Es tracta de la prestigiosa cursa de muntanya <a href=\"https:\/\/volcatbtt.com\/volcat-igualada\/\">Volcat d&#8217;Igualada,<\/a> una oportunitat emocionant per a tots aquells que busquen desafiar-se a si mateixos i connectar amb la bellesa del paisatge catal\u00e0 que tindr\u00e0 lloc aquest 30 i 31 de mar\u00e7. <\/p>\n\n\n\n<p><a href=\"https:\/\/volcatbtt.com\/volcat-igualada\/\">La Volcat<\/a> \u00e9s molt m\u00e9s que una simple cursa; \u00e9s una immersi\u00f3 en la natura, una prova d&#8217;endurance i determinaci\u00f3, i una oportunitat per con\u00e8ixer persones amb passions similars. Amb trams que discorren a trav\u00e9s de boscos frondosos, camins pedregosos i vistes panor\u00e0miques espectaculars, cada pas \u00e9s una aventura en si mateix. Des dels corredors novells fins als veterans experimentats, la Volcat ofereix categories per a tots els nivells, garantint una experi\u00e8ncia \u00fanica per a cada participant.<\/p>\n\n\n\n<p>Si voleu convertir aquest cap de setmana esportiu en una escapada inoblidable, Cal Fuster de la Pla\u00e7a \u00e9s l&#8217;allotjament perfecte per a tots els participants i acompanyants. Despr\u00e9s d&#8217;un dia d&#8217;emoci\u00f3 a la cursa, res \u00e9s millor que poder relaxar-se enmig de la tranquil\u00b7litat rural i gaudir dels nostres serveis acollidors. Amb habitacions c\u00f2modes, un ambient acollidor i una hospitalitat excepcional, estem preparats per fer de la vostra estada una experi\u00e8ncia memorable. A m\u00e9s, la nostra ubicaci\u00f3 estrat\u00e8gica a prop dels circuits de la Volcat fa que siguem l&#8217;opci\u00f3 ideal per a aquells que volen estar ben a prop de l&#8217;acci\u00f3. <\/p>\n\n\n\n<p>Aix\u00ed doncs, si esteu preparats per viure una aventura inoblidable a la Volcat i voleu gaudir de l&#8217;hospitalitat incomparable de Cal Fuster de la Pla\u00e7a, no dubteu a reservar la vostra estada amb nosaltres. Estem emocionats d&#8217;acollir-vos i ser part dels vostres records d&#8217;aquest cap de setmana \u00e8pic. Us esperem amb els bra\u00e7os oberts!<\/p>\n\n\n\n<p><a href=\"https:\/\/volcatbtt.com\/volcat-igualada\/inscripciones-volcat-igualada\/\">Aqu\u00ed<\/a> trobar\u00e0s les inscripcions per la cursa<\/p>\n\n\n\n<p><a href=\"https:\/\/www.calfusterdetous.com\/cast\/\">Aqu\u00ed <\/a>podr\u00e0s fer la reserva a casa nostra<\/p>","protected":false},"excerpt":{"rendered":"<p>Benvinguts tots els amants de l&#8217;aventura i la natura! Us volem parlar d&#8217;una experi\u00e8ncia \u00fanica que est\u00e0 a punt de desplegar-se als a prop de la nostra casa rural Cal Fuster de la Pla\u00e7a. Es tracta de la prestigiosa cursa [&hellip;]<\/p>\n","protected":false},"author":3,"featured_media":26672,"comment_status":"closed","ping_status":"closed","sticky":false,"template":"","format":"standard","meta":{"_monsterinsights_skip_tracking":false,"_monsterinsights_sitenote_active":false,"_monsterinsights_sitenote_note":"","_monsterinsights_sitenote_category":0,"footnotes":""},"categories":[210],"tags":[],"class_list":["post-26671","post","type-post","status-publish","format-standard","has-post-thumbnail","hentry","category-blog"],"yoast_head":"<!-- This site is optimized with the Yoast SEO plugin v27.4 - https:\/\/yoast.com\/product\/yoast-seo-wordpress\/ -->\n<title>Descobreix l&#039;emoci\u00f3 de la cursa Volcat i gaudeix de l&#039;allotjament a Cal Fuster de la Pla\u00e7a - Cal Fuster de la pla\u00e7a<\/title>\n<meta name=\"robots\" content=\"index, follow, max-snippet:-1, max-image-preview:large, max-video-preview:-1\" \/>\n<link rel=\"canonical\" href=\"https:\/\/www.calfusterdetous.com\/cast\/descobreix-lemocio-de-la-cursa-volcat-i-gaudeix-de-lallotjament-a-cal-fuster-de-la-placa\/\" \/>\n<meta property=\"og:locale\" content=\"es_ES\" \/>\n<meta property=\"og:type\" content=\"article\" \/>\n<meta property=\"og:title\" content=\"Descobreix l&#039;emoci\u00f3 de la cursa Volcat i gaudeix de l&#039;allotjament a Cal Fuster de la Pla\u00e7a - Cal Fuster de la pla\u00e7a\" \/>\n<meta property=\"og:description\" content=\"Benvinguts tots els amants de l&#8217;aventura i la natura! Us volem parlar d&#8217;una experi\u00e8ncia \u00fanica que est\u00e0 a punt de desplegar-se als a prop de la nostra casa rural Cal Fuster de la Pla\u00e7a. Es tracta de la prestigiosa cursa [&hellip;]\" \/>\n<meta property=\"og:url\" content=\"https:\/\/www.calfusterdetous.com\/cast\/descobreix-lemocio-de-la-cursa-volcat-i-gaudeix-de-lallotjament-a-cal-fuster-de-la-placa\/\" \/>\n<meta property=\"og:site_name\" content=\"Cal Fuster de la pla\u00e7a\" \/>\n<meta property=\"article:published_time\" content=\"2024-03-18T16:03:00+00:00\" \/>\n<meta property=\"article:modified_time\" content=\"2024-03-18T16:05:38+00:00\" \/>\n<meta property=\"og:image\" content=\"https:\/\/www.calfusterdetous.com\/wp-content\/uploads\/2024\/03\/volcat03.jpg\" \/>\n\t<meta property=\"og:image:width\" content=\"1400\" \/>\n\t<meta property=\"og:image:height\" content=\"933\" \/>\n\t<meta property=\"og:image:type\" content=\"image\/jpeg\" \/>\n<meta name=\"author\" content=\"miriam@hipo.tv\" \/>\n<meta name=\"twitter:card\" content=\"summary_large_image\" \/>\n<meta name=\"twitter:label1\" content=\"Escrito por\" \/>\n\t<meta name=\"twitter:data1\" content=\"miriam@hipo.tv\" \/>\n\t<meta name=\"twitter:label2\" content=\"Tiempo de lectura\" \/>\n\t<meta name=\"twitter:data2\" content=\"2 minutos\" \/>\n<script type=\"application\/ld+json\" class=\"yoast-schema-graph\">{\"@context\":\"https:\\\/\\\/schema.org\",\"@graph\":[{\"@type\":\"Article\",\"@id\":\"https:\\\/\\\/www.calfusterdetous.com\\\/descobreix-lemocio-de-la-cursa-volcat-i-gaudeix-de-lallotjament-a-cal-fuster-de-la-placa\\\/#article\",\"isPartOf\":{\"@id\":\"https:\\\/\\\/www.calfusterdetous.com\\\/descobreix-lemocio-de-la-cursa-volcat-i-gaudeix-de-lallotjament-a-cal-fuster-de-la-placa\\\/\"},\"author\":{\"name\":\"miriam@hipo.tv\",\"@id\":\"https:\\\/\\\/www.calfusterdetous.com\\\/#\\\/schema\\\/person\\\/7e88133b30365a368352e4b1632dfcbf\"},\"headline\":\"Descobreix l&#8217;emoci\u00f3 de la cursa Volcat i gaudeix de l&#8217;allotjament a Cal Fuster de la Pla\u00e7a\",\"datePublished\":\"2024-03-18T16:03:00+00:00\",\"dateModified\":\"2024-03-18T16:05:38+00:00\",\"mainEntityOfPage\":{\"@id\":\"https:\\\/\\\/www.calfusterdetous.com\\\/descobreix-lemocio-de-la-cursa-volcat-i-gaudeix-de-lallotjament-a-cal-fuster-de-la-placa\\\/\"},\"wordCount\":368,\"publisher\":{\"@id\":\"https:\\\/\\\/www.calfusterdetous.com\\\/#organization\"},\"image\":{\"@id\":\"https:\\\/\\\/www.calfusterdetous.com\\\/descobreix-lemocio-de-la-cursa-volcat-i-gaudeix-de-lallotjament-a-cal-fuster-de-la-placa\\\/#primaryimage\"},\"thumbnailUrl\":\"https:\\\/\\\/www.calfusterdetous.com\\\/wp-content\\\/uploads\\\/2024\\\/03\\\/volcat03.jpg\",\"articleSection\":[\"Blog\"],\"inLanguage\":\"es\"},{\"@type\":\"WebPage\",\"@id\":\"https:\\\/\\\/www.calfusterdetous.com\\\/descobreix-lemocio-de-la-cursa-volcat-i-gaudeix-de-lallotjament-a-cal-fuster-de-la-placa\\\/\",\"url\":\"https:\\\/\\\/www.calfusterdetous.com\\\/descobreix-lemocio-de-la-cursa-volcat-i-gaudeix-de-lallotjament-a-cal-fuster-de-la-placa\\\/\",\"name\":\"Descobreix l'emoci\u00f3 de la cursa Volcat i gaudeix de l'allotjament a Cal Fuster de la Pla\u00e7a - Cal Fuster de la pla\u00e7a\",\"isPartOf\":{\"@id\":\"https:\\\/\\\/www.calfusterdetous.com\\\/#website\"},\"primaryImageOfPage\":{\"@id\":\"https:\\\/\\\/www.calfusterdetous.com\\\/descobreix-lemocio-de-la-cursa-volcat-i-gaudeix-de-lallotjament-a-cal-fuster-de-la-placa\\\/#primaryimage\"},\"image\":{\"@id\":\"https:\\\/\\\/www.calfusterdetous.com\\\/descobreix-lemocio-de-la-cursa-volcat-i-gaudeix-de-lallotjament-a-cal-fuster-de-la-placa\\\/#primaryimage\"},\"thumbnailUrl\":\"https:\\\/\\\/www.calfusterdetous.com\\\/wp-content\\\/uploads\\\/2024\\\/03\\\/volcat03.jpg\",\"datePublished\":\"2024-03-18T16:03:00+00:00\",\"dateModified\":\"2024-03-18T16:05:38+00:00\",\"breadcrumb\":{\"@id\":\"https:\\\/\\\/www.calfusterdetous.com\\\/descobreix-lemocio-de-la-cursa-volcat-i-gaudeix-de-lallotjament-a-cal-fuster-de-la-placa\\\/#breadcrumb\"},\"inLanguage\":\"es\",\"potentialAction\":[{\"@type\":\"ReadAction\",\"target\":[\"https:\\\/\\\/www.calfusterdetous.com\\\/descobreix-lemocio-de-la-cursa-volcat-i-gaudeix-de-lallotjament-a-cal-fuster-de-la-placa\\\/\"]}]},{\"@type\":\"ImageObject\",\"inLanguage\":\"es\",\"@id\":\"https:\\\/\\\/www.calfusterdetous.com\\\/descobreix-lemocio-de-la-cursa-volcat-i-gaudeix-de-lallotjament-a-cal-fuster-de-la-placa\\\/#primaryimage\",\"url\":\"https:\\\/\\\/www.calfusterdetous.com\\\/wp-content\\\/uploads\\\/2024\\\/03\\\/volcat03.jpg\",\"contentUrl\":\"https:\\\/\\\/www.calfusterdetous.com\\\/wp-content\\\/uploads\\\/2024\\\/03\\\/volcat03.jpg\",\"width\":1400,\"height\":933,\"caption\":\"Volcat\"},{\"@type\":\"BreadcrumbList\",\"@id\":\"https:\\\/\\\/www.calfusterdetous.com\\\/descobreix-lemocio-de-la-cursa-volcat-i-gaudeix-de-lallotjament-a-cal-fuster-de-la-placa\\\/#breadcrumb\",\"itemListElement\":[{\"@type\":\"ListItem\",\"position\":1,\"name\":\"Portada\",\"item\":\"https:\\\/\\\/www.calfusterdetous.com\\\/\"},{\"@type\":\"ListItem\",\"position\":2,\"name\":\"Descobreix l&#8217;emoci\u00f3 de la cursa Volcat i gaudeix de l&#8217;allotjament a Cal Fuster de la Pla\u00e7a\"}]},{\"@type\":\"WebSite\",\"@id\":\"https:\\\/\\\/www.calfusterdetous.com\\\/#website\",\"url\":\"https:\\\/\\\/www.calfusterdetous.com\\\/\",\"name\":\"Cal Fuster de la pla\u00e7a\",\"description\":\"Es una acogedora casa rural en Sant Mart\u00ed de Tous, ofreciendo cinco habitaciones \u00fanicas y espacios comunes llenos de historia y leyendas locales. \",\"publisher\":{\"@id\":\"https:\\\/\\\/www.calfusterdetous.com\\\/#organization\"},\"potentialAction\":[{\"@type\":\"SearchAction\",\"target\":{\"@type\":\"EntryPoint\",\"urlTemplate\":\"https:\\\/\\\/www.calfusterdetous.com\\\/?s={search_term_string}\"},\"query-input\":{\"@type\":\"PropertyValueSpecification\",\"valueRequired\":true,\"valueName\":\"search_term_string\"}}],\"inLanguage\":\"es\"},{\"@type\":\"Organization\",\"@id\":\"https:\\\/\\\/www.calfusterdetous.com\\\/#organization\",\"name\":\"Cal Fuster de la pla\u00e7a\",\"url\":\"https:\\\/\\\/www.calfusterdetous.com\\\/\",\"logo\":{\"@type\":\"ImageObject\",\"inLanguage\":\"es\",\"@id\":\"https:\\\/\\\/www.calfusterdetous.com\\\/#\\\/schema\\\/logo\\\/image\\\/\",\"url\":\"https:\\\/\\\/www.calfusterdetous.com\\\/wp-content\\\/uploads\\\/2020\\\/04\\\/Recurso-2@2x.png\",\"contentUrl\":\"https:\\\/\\\/www.calfusterdetous.com\\\/wp-content\\\/uploads\\\/2020\\\/04\\\/Recurso-2@2x.png\",\"width\":441,\"height\":171,\"caption\":\"Cal Fuster de la pla\u00e7a\"},\"image\":{\"@id\":\"https:\\\/\\\/www.calfusterdetous.com\\\/#\\\/schema\\\/logo\\\/image\\\/\"}},{\"@type\":\"Person\",\"@id\":\"https:\\\/\\\/www.calfusterdetous.com\\\/#\\\/schema\\\/person\\\/7e88133b30365a368352e4b1632dfcbf\",\"name\":\"miriam@hipo.tv\",\"image\":{\"@type\":\"ImageObject\",\"inLanguage\":\"es\",\"@id\":\"https:\\\/\\\/secure.gravatar.com\\\/avatar\\\/be02b06539cf4bd0897e7b270832773daa8fa7279004b6f5b6d8c1b2ec3e4ffe?s=96&d=mm&r=g\",\"url\":\"https:\\\/\\\/secure.gravatar.com\\\/avatar\\\/be02b06539cf4bd0897e7b270832773daa8fa7279004b6f5b6d8c1b2ec3e4ffe?s=96&d=mm&r=g\",\"contentUrl\":\"https:\\\/\\\/secure.gravatar.com\\\/avatar\\\/be02b06539cf4bd0897e7b270832773daa8fa7279004b6f5b6d8c1b2ec3e4ffe?s=96&d=mm&r=g\",\"caption\":\"miriam@hipo.tv\"},\"url\":\"https:\\\/\\\/www.calfusterdetous.com\\\/cast\\\/author\\\/miriamhipo-tv\\\/\"}]}<\/script>\n<!-- \/ Yoast SEO plugin. -->","yoast_head_json":{"title":"Descobreix l'emoci\u00f3 de la cursa Volcat i gaudeix de l'allotjament a Cal Fuster de la Pla\u00e7a - Cal Fuster de la pla\u00e7a","robots":{"index":"index","follow":"follow","max-snippet":"max-snippet:-1","max-image-preview":"max-image-preview:large","max-video-preview":"max-video-preview:-1"},"canonical":"https:\/\/www.calfusterdetous.com\/cast\/descobreix-lemocio-de-la-cursa-volcat-i-gaudeix-de-lallotjament-a-cal-fuster-de-la-placa\/","og_locale":"es_ES","og_type":"article","og_title":"Descobreix l'emoci\u00f3 de la cursa Volcat i gaudeix de l'allotjament a Cal Fuster de la Pla\u00e7a - Cal Fuster de la pla\u00e7a","og_description":"Benvinguts tots els amants de l&#8217;aventura i la natura! Us volem parlar d&#8217;una experi\u00e8ncia \u00fanica que est\u00e0 a punt de desplegar-se als a prop de la nostra casa rural Cal Fuster de la Pla\u00e7a. Es tracta de la prestigiosa cursa [&hellip;]","og_url":"https:\/\/www.calfusterdetous.com\/cast\/descobreix-lemocio-de-la-cursa-volcat-i-gaudeix-de-lallotjament-a-cal-fuster-de-la-placa\/","og_site_name":"Cal Fuster de la pla\u00e7a","article_published_time":"2024-03-18T16:03:00+00:00","article_modified_time":"2024-03-18T16:05:38+00:00","og_image":[{"width":1400,"height":933,"url":"https:\/\/www.calfusterdetous.com\/wp-content\/uploads\/2024\/03\/volcat03.jpg","type":"image\/jpeg"}],"author":"miriam@hipo.tv","twitter_card":"summary_large_image","twitter_misc":{"Escrito por":"miriam@hipo.tv","Tiempo de lectura":"2 minutos"},"schema":{"@context":"https:\/\/schema.org","@graph":[{"@type":"Article","@id":"https:\/\/www.calfusterdetous.com\/descobreix-lemocio-de-la-cursa-volcat-i-gaudeix-de-lallotjament-a-cal-fuster-de-la-placa\/#article","isPartOf":{"@id":"https:\/\/www.calfusterdetous.com\/descobreix-lemocio-de-la-cursa-volcat-i-gaudeix-de-lallotjament-a-cal-fuster-de-la-placa\/"},"author":{"name":"miriam@hipo.tv","@id":"https:\/\/www.calfusterdetous.com\/#\/schema\/person\/7e88133b30365a368352e4b1632dfcbf"},"headline":"Descobreix l&#8217;emoci\u00f3 de la cursa Volcat i gaudeix de l&#8217;allotjament a Cal Fuster de la Pla\u00e7a","datePublished":"2024-03-18T16:03:00+00:00","dateModified":"2024-03-18T16:05:38+00:00","mainEntityOfPage":{"@id":"https:\/\/www.calfusterdetous.com\/descobreix-lemocio-de-la-cursa-volcat-i-gaudeix-de-lallotjament-a-cal-fuster-de-la-placa\/"},"wordCount":368,"publisher":{"@id":"https:\/\/www.calfusterdetous.com\/#organization"},"image":{"@id":"https:\/\/www.calfusterdetous.com\/descobreix-lemocio-de-la-cursa-volcat-i-gaudeix-de-lallotjament-a-cal-fuster-de-la-placa\/#primaryimage"},"thumbnailUrl":"https:\/\/www.calfusterdetous.com\/wp-content\/uploads\/2024\/03\/volcat03.jpg","articleSection":["Blog"],"inLanguage":"es"},{"@type":"WebPage","@id":"https:\/\/www.calfusterdetous.com\/descobreix-lemocio-de-la-cursa-volcat-i-gaudeix-de-lallotjament-a-cal-fuster-de-la-placa\/","url":"https:\/\/www.calfusterdetous.com\/descobreix-lemocio-de-la-cursa-volcat-i-gaudeix-de-lallotjament-a-cal-fuster-de-la-placa\/","name":"Descobreix l'emoci\u00f3 de la cursa Volcat i gaudeix de l'allotjament a Cal Fuster de la Pla\u00e7a - Cal Fuster de la pla\u00e7a","isPartOf":{"@id":"https:\/\/www.calfusterdetous.com\/#website"},"primaryImageOfPage":{"@id":"https:\/\/www.calfusterdetous.com\/descobreix-lemocio-de-la-cursa-volcat-i-gaudeix-de-lallotjament-a-cal-fuster-de-la-placa\/#primaryimage"},"image":{"@id":"https:\/\/www.calfusterdetous.com\/descobreix-lemocio-de-la-cursa-volcat-i-gaudeix-de-lallotjament-a-cal-fuster-de-la-placa\/#primaryimage"},"thumbnailUrl":"https:\/\/www.calfusterdetous.com\/wp-content\/uploads\/2024\/03\/volcat03.jpg","datePublished":"2024-03-18T16:03:00+00:00","dateModified":"2024-03-18T16:05:38+00:00","breadcrumb":{"@id":"https:\/\/www.calfusterdetous.com\/descobreix-lemocio-de-la-cursa-volcat-i-gaudeix-de-lallotjament-a-cal-fuster-de-la-placa\/#breadcrumb"},"inLanguage":"es","potentialAction":[{"@type":"ReadAction","target":["https:\/\/www.calfusterdetous.com\/descobreix-lemocio-de-la-cursa-volcat-i-gaudeix-de-lallotjament-a-cal-fuster-de-la-placa\/"]}]},{"@type":"ImageObject","inLanguage":"es","@id":"https:\/\/www.calfusterdetous.com\/descobreix-lemocio-de-la-cursa-volcat-i-gaudeix-de-lallotjament-a-cal-fuster-de-la-placa\/#primaryimage","url":"https:\/\/www.calfusterdetous.com\/wp-content\/uploads\/2024\/03\/volcat03.jpg","contentUrl":"https:\/\/www.calfusterdetous.com\/wp-content\/uploads\/2024\/03\/volcat03.jpg","width":1400,"height":933,"caption":"Volcat"},{"@type":"BreadcrumbList","@id":"https:\/\/www.calfusterdetous.com\/descobreix-lemocio-de-la-cursa-volcat-i-gaudeix-de-lallotjament-a-cal-fuster-de-la-placa\/#breadcrumb","itemListElement":[{"@type":"ListItem","position":1,"name":"Portada","item":"https:\/\/www.calfusterdetous.com\/"},{"@type":"ListItem","position":2,"name":"Descobreix l&#8217;emoci\u00f3 de la cursa Volcat i gaudeix de l&#8217;allotjament a Cal Fuster de la Pla\u00e7a"}]},{"@type":"WebSite","@id":"https:\/\/www.calfusterdetous.com\/#website","url":"https:\/\/www.calfusterdetous.com\/","name":"Cal Fuster de la plaza","description":"Es una acogedora casa rural en Sant Mart\u00ed de Tous, ofreciendo cinco habitaciones \u00fanicas y espacios comunes llenos de historia y leyendas locales.","publisher":{"@id":"https:\/\/www.calfusterdetous.com\/#organization"},"potentialAction":[{"@type":"SearchAction","target":{"@type":"EntryPoint","urlTemplate":"https:\/\/www.calfusterdetous.com\/?s={search_term_string}"},"query-input":{"@type":"PropertyValueSpecification","valueRequired":true,"valueName":"search_term_string"}}],"inLanguage":"es"},{"@type":"Organization","@id":"https:\/\/www.calfusterdetous.com\/#organization","name":"Cal Fuster de la plaza","url":"https:\/\/www.calfusterdetous.com\/","logo":{"@type":"ImageObject","inLanguage":"es","@id":"https:\/\/www.calfusterdetous.com\/#\/schema\/logo\/image\/","url":"https:\/\/www.calfusterdetous.com\/wp-content\/uploads\/2020\/04\/Recurso-2@2x.png","contentUrl":"https:\/\/www.calfusterdetous.com\/wp-content\/uploads\/2020\/04\/Recurso-2@2x.png","width":441,"height":171,"caption":"Cal Fuster de la pla\u00e7a"},"image":{"@id":"https:\/\/www.calfusterdetous.com\/#\/schema\/logo\/image\/"}},{"@type":"Person","@id":"https:\/\/www.calfusterdetous.com\/#\/schema\/person\/7e88133b30365a368352e4b1632dfcbf","name":"miriam@hipo.tv","image":{"@type":"ImageObject","inLanguage":"es","@id":"https:\/\/secure.gravatar.com\/avatar\/be02b06539cf4bd0897e7b270832773daa8fa7279004b6f5b6d8c1b2ec3e4ffe?s=96&d=mm&r=g","url":"https:\/\/secure.gravatar.com\/avatar\/be02b06539cf4bd0897e7b270832773daa8fa7279004b6f5b6d8c1b2ec3e4ffe?s=96&d=mm&r=g","contentUrl":"https:\/\/secure.gravatar.com\/avatar\/be02b06539cf4bd0897e7b270832773daa8fa7279004b6f5b6d8c1b2ec3e4ffe?s=96&d=mm&r=g","caption":"miriam@hipo.tv"},"url":"https:\/\/www.calfusterdetous.com\/cast\/author\/miriamhipo-tv\/"}]}},"_links":{"self":[{"href":"https:\/\/www.calfusterdetous.com\/cast\/wp-json\/wp\/v2\/posts\/26671","targetHints":{"allow":["GET"]}}],"collection":[{"href":"https:\/\/www.calfusterdetous.com\/cast\/wp-json\/wp\/v2\/posts"}],"about":[{"href":"https:\/\/www.calfusterdetous.com\/cast\/wp-json\/wp\/v2\/types\/post"}],"author":[{"embeddable":true,"href":"https:\/\/www.calfusterdetous.com\/cast\/wp-json\/wp\/v2\/users\/3"}],"replies":[{"embeddable":true,"href":"https:\/\/www.calfusterdetous.com\/cast\/wp-json\/wp\/v2\/comments?post=26671"}],"version-history":[{"count":0,"href":"https:\/\/www.calfusterdetous.com\/cast\/wp-json\/wp\/v2\/posts\/26671\/revisions"}],"wp:featuredmedia":[{"embeddable":true,"href":"https:\/\/www.calfusterdetous.com\/cast\/wp-json\/wp\/v2\/media\/26672"}],"wp:attachment":[{"href":"https:\/\/www.calfusterdetous.com\/cast\/wp-json\/wp\/v2\/media?parent=26671"}],"wp:term":[{"taxonomy":"category","embeddable":true,"href":"https:\/\/www.calfusterdetous.com\/cast\/wp-json\/wp\/v2\/categories?post=26671"},{"taxonomy":"post_tag","embeddable":true,"href":"https:\/\/www.calfusterdetous.com\/cast\/wp-json\/wp\/v2\/tags?post=26671"}],"curies":[{"name":"wp","href":"https:\/\/api.w.org\/{rel}","templated":true}]}}