{"id":26826,"date":"2024-06-03T17:00:59","date_gmt":"2024-06-03T17:00:59","guid":{"rendered":"https:\/\/www.calfusterdetous.com\/?p=26826"},"modified":"2024-06-04T08:40:52","modified_gmt":"2024-06-04T08:40:52","slug":"dellegendes-el-festival-de-llegendes-de-catalunya-celebra-la-seva-15a-edicio-a-sant-marti-de-tous","status":"publish","type":"post","link":"https:\/\/www.calfusterdetous.com\/cast\/dellegendes-el-festival-de-llegendes-de-catalunya-celebra-la-seva-15a-edicio-a-sant-marti-de-tous\/","title":{"rendered":"El Festival de Llegendes de Catalu\u00f1a celebra su 15 edici\u00f3n en Sant Mart\u00ed de Tous"},"content":{"rendered":"<p>BLOG<\/p>\n\n\n\n<p>Del 4 al 7 de julio, nuestro bonito pueblo de Sant Mart\u00ed de Tous acoger\u00e1 la 15.\u00aa edici\u00f3n del Festival de Leyendas de Catalu\u00f1a. Este acontecimiento, que se celebra cada primer fin de semana de julio, ha acontecido una cita imprescindible para los amantes de la cultura y la tradici\u00f3n.\n\n\nDespu\u00e9s de catorce ediciones, el festival est\u00e1 plenamente consolidado y llega este a\u00f1o con novedades que prometen sorprender y encantar a todos los asistentes. Como siempre, DeLlegendes se compromete a ofrecer una experiencia \u00fanica y enriquecedora para todas las edades, combinando espect\u00e1culos de calidad con la magia de las leyendas.\n\n\nLa compa\u00f1\u00eda local Teatre Nu, que contin\u00faa a la direcci\u00f3n del festival, y el Ayuntamiento de Sant Mart\u00ed de Tous, demuestran una vez m\u00e1s su compromiso con la cultura y las artes esc\u00e9nicas. El objetivo es mantener viva la llama de nuestras leyendas y hacer de Sant Mart\u00ed de Tous la capital catalana de las historias y los cuentos tradicionales.\n\nEste a\u00f1o, el festival tendr\u00e1 lugar en las fechas previstas del 4 al 7 de julio, ofreciendo m\u00e1s de 40 propuestas de artes esc\u00e9nicas; teatro, danza, m\u00fasica y fines todo cine.\n\n\nCon esta nueva edici\u00f3n de *DeLlegendes, reafirmamos nuestra voluntad de impulsar la cultura y ofrecer espacios de encuentro y diversi\u00f3n para todos. No dejemos que la cultura se apague, porque creemos firmemente que la actividad cultural nos enriquece y nos une como comunidad.\n\n\nAs\u00ed que este verano, os invitamos a reservar vuestra estancia en nuestra casa y disfrutar del Festival de Leyendas desde primera fila. No os perd\u00e1is la oportunidad de vivir una experiencia \u00fanica en un entorno id\u00edlico. Consultad el programa y preparaos por unos d\u00edas llenos de magia y tradici\u00f3n.\n\n\nReserva en casa nuestra y disfruta desde primera fila. Nuestra casa est\u00e1 en la plaza del pueblo! <a href=\"https:\/\/www.llegendes.cat\/\">Festival de Llegendes de Catalunya<\/a>. Aquest esdeveniment, que se celebra cada primer cap de setmana de juliol, ha esdevingut una cita imprescindible per als amants de la cultura i la tradici\u00f3.<\/p>\n\n\n\n<p>Tras catorce ediciones, el festival est\u00e1 plenamente consolidado y llega este a\u00f1o con novedades que prometen sorprender y encantar a todos los asistentes. Como siempre, DeLlegendes se compromete a ofrecer una experiencia \u00fanica y enriquecedora para todas las edades, combinando espect\u00e1culos de calidad con la magia de las leyendas.<\/p>\n\n\n\n<p>La compa\u00f1\u00eda local Teatro Nu, que contin\u00faa en la direcci\u00f3n del festival, y el Ayuntamiento de Sant Mart\u00ed de Tous, demuestran una vez m\u00e1s su compromiso con la cultura y las artes esc\u00e9nicas. El objetivo es mantener viva la llama de nuestras leyendas y hacer de San Mart\u00edn de Tous la capital catalana de las historias y cuentos tradicionales.<\/p>\n\n\n\n<p>Este a\u00f1o, el festival se desplegar\u00e1 en las fechas previstas del 4 al 7 de julio, ofreciendo m\u00e1s de 40 propuestas de artes esc\u00e9nicas; teatro, danza, m\u00fasica e incluso cine. <\/p>\n\n\n\n<p>Con esta nueva edici\u00f3n de DeLlegendes, reafirmamos nuestra voluntad de impulsar la cultura y ofrecer espacios de encuentro y disfrute para todos. No dejemos que la cultura se apague, porque creemos firmemente que la actividad cultural nos enriquece y nos une como comunidad.<\/p>\n\n\n\n<p>As\u00ed que este verano, le invitamos a reservar su estancia en Cal Fuster de la Plaza y disfrutar del Festival de Leyendas desde primera fila. No se pierda la oportunidad de vivir una experiencia \u00fanica en un entorno id\u00edlico. Consulte <a href=\"https:\/\/www.llegendes.cat\/ca\/programacio.html\">el programa<\/a> i prepareu-vos per uns dies plens de m\u00e0gia i tradici\u00f3.<\/p>\n\n\n\n<p>\u27a1\ufe0f Reserva nuestra casa y disfruta desde primera fila. Consulta el <\/p>\n\n\n\n<hr class=\"wp-block-separator has-alpha-channel-opacity\"\/>\n\n\n\n<p><\/p>","protected":false},"excerpt":{"rendered":"<p>BLOG Del 4 al 7 de juliol, el nostre bonic poble de Sant Mart\u00ed de Tous acollir\u00e0 la 15a edici\u00f3 del Festival de Llegendes de Catalunya. Aquest esdeveniment, que se celebra cada primer cap de setmana de juliol, ha esdevingut [&hellip;]<\/p>\n","protected":false},"author":3,"featured_media":26827,"comment_status":"closed","ping_status":"closed","sticky":false,"template":"","format":"standard","meta":{"_monsterinsights_skip_tracking":false,"_monsterinsights_sitenote_active":false,"_monsterinsights_sitenote_note":"","_monsterinsights_sitenote_category":0,"footnotes":""},"categories":[210],"tags":[279],"class_list":["post-26826","post","type-post","status-publish","format-standard","has-post-thumbnail","hentry","category-blog","tag-dellegendes24-festivaldellegendesdecatalunya-santmartidetous-teatre-llegendes-cultura"],"yoast_head":"<!-- This site is optimized with the Yoast SEO plugin v27.4 - https:\/\/yoast.com\/product\/yoast-seo-wordpress\/ -->\n<title>El Festival de Llegendes de Catalunya, celebra la seva 15a edici\u00f3 a Sant Mart\u00ed de Tous - Cal Fuster de la pla\u00e7a<\/title>\n<meta name=\"robots\" content=\"index, follow, max-snippet:-1, max-image-preview:large, max-video-preview:-1\" \/>\n<link rel=\"canonical\" href=\"https:\/\/www.calfusterdetous.com\/cast\/dellegendes-el-festival-de-llegendes-de-catalunya-celebra-la-seva-15a-edicio-a-sant-marti-de-tous\/\" \/>\n<meta property=\"og:locale\" content=\"es_ES\" \/>\n<meta property=\"og:type\" content=\"article\" \/>\n<meta property=\"og:title\" content=\"El Festival de Llegendes de Catalunya, celebra la seva 15a edici\u00f3 a Sant Mart\u00ed de Tous - Cal Fuster de la pla\u00e7a\" \/>\n<meta property=\"og:description\" content=\"BLOG Del 4 al 7 de juliol, el nostre bonic poble de Sant Mart\u00ed de Tous acollir\u00e0 la 15a edici\u00f3 del Festival de Llegendes de Catalunya. Aquest esdeveniment, que se celebra cada primer cap de setmana de juliol, ha esdevingut [&hellip;]\" \/>\n<meta property=\"og:url\" content=\"https:\/\/www.calfusterdetous.com\/cast\/dellegendes-el-festival-de-llegendes-de-catalunya-celebra-la-seva-15a-edicio-a-sant-marti-de-tous\/\" \/>\n<meta property=\"og:site_name\" content=\"Cal Fuster de la pla\u00e7a\" \/>\n<meta property=\"article:published_time\" content=\"2024-06-03T17:00:59+00:00\" \/>\n<meta property=\"article:modified_time\" content=\"2024-06-04T08:40:52+00:00\" \/>\n<meta property=\"og:image\" content=\"https:\/\/www.calfusterdetous.com\/wp-content\/uploads\/2024\/06\/WhatsApp-Image-2024-05-30-at-13.13.45.jpeg\" \/>\n\t<meta property=\"og:image:width\" content=\"1600\" \/>\n\t<meta property=\"og:image:height\" content=\"1600\" \/>\n\t<meta property=\"og:image:type\" content=\"image\/jpeg\" \/>\n<meta name=\"author\" content=\"miriam@hipo.tv\" \/>\n<meta name=\"twitter:card\" content=\"summary_large_image\" \/>\n<meta name=\"twitter:label1\" content=\"Escrito por\" \/>\n\t<meta name=\"twitter:data1\" content=\"miriam@hipo.tv\" \/>\n\t<meta name=\"twitter:label2\" content=\"Tiempo de lectura\" \/>\n\t<meta name=\"twitter:data2\" content=\"2 minutos\" \/>\n<script type=\"application\/ld+json\" class=\"yoast-schema-graph\">{\"@context\":\"https:\\\/\\\/schema.org\",\"@graph\":[{\"@type\":\"Article\",\"@id\":\"https:\\\/\\\/www.calfusterdetous.com\\\/dellegendes-el-festival-de-llegendes-de-catalunya-celebra-la-seva-15a-edicio-a-sant-marti-de-tous\\\/#article\",\"isPartOf\":{\"@id\":\"https:\\\/\\\/www.calfusterdetous.com\\\/dellegendes-el-festival-de-llegendes-de-catalunya-celebra-la-seva-15a-edicio-a-sant-marti-de-tous\\\/\"},\"author\":{\"name\":\"miriam@hipo.tv\",\"@id\":\"https:\\\/\\\/www.calfusterdetous.com\\\/#\\\/schema\\\/person\\\/7e88133b30365a368352e4b1632dfcbf\"},\"headline\":\"El Festival de Llegendes de Catalunya, celebra la seva 15a edici\u00f3 a Sant Mart\u00ed de Tous\",\"datePublished\":\"2024-06-03T17:00:59+00:00\",\"dateModified\":\"2024-06-04T08:40:52+00:00\",\"mainEntityOfPage\":{\"@id\":\"https:\\\/\\\/www.calfusterdetous.com\\\/dellegendes-el-festival-de-llegendes-de-catalunya-celebra-la-seva-15a-edicio-a-sant-marti-de-tous\\\/\"},\"wordCount\":332,\"publisher\":{\"@id\":\"https:\\\/\\\/www.calfusterdetous.com\\\/#organization\"},\"image\":{\"@id\":\"https:\\\/\\\/www.calfusterdetous.com\\\/dellegendes-el-festival-de-llegendes-de-catalunya-celebra-la-seva-15a-edicio-a-sant-marti-de-tous\\\/#primaryimage\"},\"thumbnailUrl\":\"https:\\\/\\\/www.calfusterdetous.com\\\/wp-content\\\/uploads\\\/2024\\\/06\\\/WhatsApp-Image-2024-05-30-at-13.13.45.jpeg\",\"keywords\":[\"#dellegendes24 #festivaldeLlegendesdeCatalunya #SantMart\u00eddeTous #teatre #llegendes #cultura\"],\"articleSection\":[\"Blog\"],\"inLanguage\":\"es\"},{\"@type\":\"WebPage\",\"@id\":\"https:\\\/\\\/www.calfusterdetous.com\\\/dellegendes-el-festival-de-llegendes-de-catalunya-celebra-la-seva-15a-edicio-a-sant-marti-de-tous\\\/\",\"url\":\"https:\\\/\\\/www.calfusterdetous.com\\\/dellegendes-el-festival-de-llegendes-de-catalunya-celebra-la-seva-15a-edicio-a-sant-marti-de-tous\\\/\",\"name\":\"El Festival de Llegendes de Catalunya, celebra la seva 15a edici\u00f3 a Sant Mart\u00ed de Tous - Cal Fuster de la pla\u00e7a\",\"isPartOf\":{\"@id\":\"https:\\\/\\\/www.calfusterdetous.com\\\/#website\"},\"primaryImageOfPage\":{\"@id\":\"https:\\\/\\\/www.calfusterdetous.com\\\/dellegendes-el-festival-de-llegendes-de-catalunya-celebra-la-seva-15a-edicio-a-sant-marti-de-tous\\\/#primaryimage\"},\"image\":{\"@id\":\"https:\\\/\\\/www.calfusterdetous.com\\\/dellegendes-el-festival-de-llegendes-de-catalunya-celebra-la-seva-15a-edicio-a-sant-marti-de-tous\\\/#primaryimage\"},\"thumbnailUrl\":\"https:\\\/\\\/www.calfusterdetous.com\\\/wp-content\\\/uploads\\\/2024\\\/06\\\/WhatsApp-Image-2024-05-30-at-13.13.45.jpeg\",\"datePublished\":\"2024-06-03T17:00:59+00:00\",\"dateModified\":\"2024-06-04T08:40:52+00:00\",\"breadcrumb\":{\"@id\":\"https:\\\/\\\/www.calfusterdetous.com\\\/dellegendes-el-festival-de-llegendes-de-catalunya-celebra-la-seva-15a-edicio-a-sant-marti-de-tous\\\/#breadcrumb\"},\"inLanguage\":\"es\",\"potentialAction\":[{\"@type\":\"ReadAction\",\"target\":[\"https:\\\/\\\/www.calfusterdetous.com\\\/dellegendes-el-festival-de-llegendes-de-catalunya-celebra-la-seva-15a-edicio-a-sant-marti-de-tous\\\/\"]}]},{\"@type\":\"ImageObject\",\"inLanguage\":\"es\",\"@id\":\"https:\\\/\\\/www.calfusterdetous.com\\\/dellegendes-el-festival-de-llegendes-de-catalunya-celebra-la-seva-15a-edicio-a-sant-marti-de-tous\\\/#primaryimage\",\"url\":\"https:\\\/\\\/www.calfusterdetous.com\\\/wp-content\\\/uploads\\\/2024\\\/06\\\/WhatsApp-Image-2024-05-30-at-13.13.45.jpeg\",\"contentUrl\":\"https:\\\/\\\/www.calfusterdetous.com\\\/wp-content\\\/uploads\\\/2024\\\/06\\\/WhatsApp-Image-2024-05-30-at-13.13.45.jpeg\",\"width\":1600,\"height\":1600,\"caption\":\"cartell Festival de Llegendes de Catalunya\"},{\"@type\":\"BreadcrumbList\",\"@id\":\"https:\\\/\\\/www.calfusterdetous.com\\\/dellegendes-el-festival-de-llegendes-de-catalunya-celebra-la-seva-15a-edicio-a-sant-marti-de-tous\\\/#breadcrumb\",\"itemListElement\":[{\"@type\":\"ListItem\",\"position\":1,\"name\":\"Portada\",\"item\":\"https:\\\/\\\/www.calfusterdetous.com\\\/\"},{\"@type\":\"ListItem\",\"position\":2,\"name\":\"El Festival de Llegendes de Catalunya, celebra la seva 15a edici\u00f3 a Sant Mart\u00ed de Tous\"}]},{\"@type\":\"WebSite\",\"@id\":\"https:\\\/\\\/www.calfusterdetous.com\\\/#website\",\"url\":\"https:\\\/\\\/www.calfusterdetous.com\\\/\",\"name\":\"Cal Fuster de la pla\u00e7a\",\"description\":\"Es una acogedora casa rural en Sant Mart\u00ed de Tous, ofreciendo cinco habitaciones \u00fanicas y espacios comunes llenos de historia y leyendas locales. \",\"publisher\":{\"@id\":\"https:\\\/\\\/www.calfusterdetous.com\\\/#organization\"},\"potentialAction\":[{\"@type\":\"SearchAction\",\"target\":{\"@type\":\"EntryPoint\",\"urlTemplate\":\"https:\\\/\\\/www.calfusterdetous.com\\\/?s={search_term_string}\"},\"query-input\":{\"@type\":\"PropertyValueSpecification\",\"valueRequired\":true,\"valueName\":\"search_term_string\"}}],\"inLanguage\":\"es\"},{\"@type\":\"Organization\",\"@id\":\"https:\\\/\\\/www.calfusterdetous.com\\\/#organization\",\"name\":\"Cal Fuster de la pla\u00e7a\",\"url\":\"https:\\\/\\\/www.calfusterdetous.com\\\/\",\"logo\":{\"@type\":\"ImageObject\",\"inLanguage\":\"es\",\"@id\":\"https:\\\/\\\/www.calfusterdetous.com\\\/#\\\/schema\\\/logo\\\/image\\\/\",\"url\":\"https:\\\/\\\/www.calfusterdetous.com\\\/wp-content\\\/uploads\\\/2020\\\/04\\\/Recurso-2@2x.png\",\"contentUrl\":\"https:\\\/\\\/www.calfusterdetous.com\\\/wp-content\\\/uploads\\\/2020\\\/04\\\/Recurso-2@2x.png\",\"width\":441,\"height\":171,\"caption\":\"Cal Fuster de la pla\u00e7a\"},\"image\":{\"@id\":\"https:\\\/\\\/www.calfusterdetous.com\\\/#\\\/schema\\\/logo\\\/image\\\/\"}},{\"@type\":\"Person\",\"@id\":\"https:\\\/\\\/www.calfusterdetous.com\\\/#\\\/schema\\\/person\\\/7e88133b30365a368352e4b1632dfcbf\",\"name\":\"miriam@hipo.tv\",\"image\":{\"@type\":\"ImageObject\",\"inLanguage\":\"es\",\"@id\":\"https:\\\/\\\/secure.gravatar.com\\\/avatar\\\/be02b06539cf4bd0897e7b270832773daa8fa7279004b6f5b6d8c1b2ec3e4ffe?s=96&d=mm&r=g\",\"url\":\"https:\\\/\\\/secure.gravatar.com\\\/avatar\\\/be02b06539cf4bd0897e7b270832773daa8fa7279004b6f5b6d8c1b2ec3e4ffe?s=96&d=mm&r=g\",\"contentUrl\":\"https:\\\/\\\/secure.gravatar.com\\\/avatar\\\/be02b06539cf4bd0897e7b270832773daa8fa7279004b6f5b6d8c1b2ec3e4ffe?s=96&d=mm&r=g\",\"caption\":\"miriam@hipo.tv\"},\"url\":\"https:\\\/\\\/www.calfusterdetous.com\\\/cast\\\/author\\\/miriamhipo-tv\\\/\"}]}<\/script>\n<!-- \/ Yoast SEO plugin. -->","yoast_head_json":{"title":"El Festival de Llegendes de Catalunya, celebra la seva 15a edici\u00f3 a Sant Mart\u00ed de Tous - Cal Fuster de la pla\u00e7a","robots":{"index":"index","follow":"follow","max-snippet":"max-snippet:-1","max-image-preview":"max-image-preview:large","max-video-preview":"max-video-preview:-1"},"canonical":"https:\/\/www.calfusterdetous.com\/cast\/dellegendes-el-festival-de-llegendes-de-catalunya-celebra-la-seva-15a-edicio-a-sant-marti-de-tous\/","og_locale":"es_ES","og_type":"article","og_title":"El Festival de Llegendes de Catalunya, celebra la seva 15a edici\u00f3 a Sant Mart\u00ed de Tous - Cal Fuster de la pla\u00e7a","og_description":"BLOG Del 4 al 7 de juliol, el nostre bonic poble de Sant Mart\u00ed de Tous acollir\u00e0 la 15a edici\u00f3 del Festival de Llegendes de Catalunya. Aquest esdeveniment, que se celebra cada primer cap de setmana de juliol, ha esdevingut [&hellip;]","og_url":"https:\/\/www.calfusterdetous.com\/cast\/dellegendes-el-festival-de-llegendes-de-catalunya-celebra-la-seva-15a-edicio-a-sant-marti-de-tous\/","og_site_name":"Cal Fuster de la pla\u00e7a","article_published_time":"2024-06-03T17:00:59+00:00","article_modified_time":"2024-06-04T08:40:52+00:00","og_image":[{"width":1600,"height":1600,"url":"https:\/\/www.calfusterdetous.com\/wp-content\/uploads\/2024\/06\/WhatsApp-Image-2024-05-30-at-13.13.45.jpeg","type":"image\/jpeg"}],"author":"miriam@hipo.tv","twitter_card":"summary_large_image","twitter_misc":{"Escrito por":"miriam@hipo.tv","Tiempo de lectura":"2 minutos"},"schema":{"@context":"https:\/\/schema.org","@graph":[{"@type":"Article","@id":"https:\/\/www.calfusterdetous.com\/dellegendes-el-festival-de-llegendes-de-catalunya-celebra-la-seva-15a-edicio-a-sant-marti-de-tous\/#article","isPartOf":{"@id":"https:\/\/www.calfusterdetous.com\/dellegendes-el-festival-de-llegendes-de-catalunya-celebra-la-seva-15a-edicio-a-sant-marti-de-tous\/"},"author":{"name":"miriam@hipo.tv","@id":"https:\/\/www.calfusterdetous.com\/#\/schema\/person\/7e88133b30365a368352e4b1632dfcbf"},"headline":"El Festival de Llegendes de Catalunya, celebra la seva 15a edici\u00f3 a Sant Mart\u00ed de Tous","datePublished":"2024-06-03T17:00:59+00:00","dateModified":"2024-06-04T08:40:52+00:00","mainEntityOfPage":{"@id":"https:\/\/www.calfusterdetous.com\/dellegendes-el-festival-de-llegendes-de-catalunya-celebra-la-seva-15a-edicio-a-sant-marti-de-tous\/"},"wordCount":332,"publisher":{"@id":"https:\/\/www.calfusterdetous.com\/#organization"},"image":{"@id":"https:\/\/www.calfusterdetous.com\/dellegendes-el-festival-de-llegendes-de-catalunya-celebra-la-seva-15a-edicio-a-sant-marti-de-tous\/#primaryimage"},"thumbnailUrl":"https:\/\/www.calfusterdetous.com\/wp-content\/uploads\/2024\/06\/WhatsApp-Image-2024-05-30-at-13.13.45.jpeg","keywords":["#dellegendes24 #festivaldeLlegendesdeCatalunya #SantMart\u00eddeTous #teatre #llegendes #cultura"],"articleSection":["Blog"],"inLanguage":"es"},{"@type":"WebPage","@id":"https:\/\/www.calfusterdetous.com\/dellegendes-el-festival-de-llegendes-de-catalunya-celebra-la-seva-15a-edicio-a-sant-marti-de-tous\/","url":"https:\/\/www.calfusterdetous.com\/dellegendes-el-festival-de-llegendes-de-catalunya-celebra-la-seva-15a-edicio-a-sant-marti-de-tous\/","name":"El Festival de Llegendes de Catalunya, celebra la seva 15a edici\u00f3 a Sant Mart\u00ed de Tous - Cal Fuster de la pla\u00e7a","isPartOf":{"@id":"https:\/\/www.calfusterdetous.com\/#website"},"primaryImageOfPage":{"@id":"https:\/\/www.calfusterdetous.com\/dellegendes-el-festival-de-llegendes-de-catalunya-celebra-la-seva-15a-edicio-a-sant-marti-de-tous\/#primaryimage"},"image":{"@id":"https:\/\/www.calfusterdetous.com\/dellegendes-el-festival-de-llegendes-de-catalunya-celebra-la-seva-15a-edicio-a-sant-marti-de-tous\/#primaryimage"},"thumbnailUrl":"https:\/\/www.calfusterdetous.com\/wp-content\/uploads\/2024\/06\/WhatsApp-Image-2024-05-30-at-13.13.45.jpeg","datePublished":"2024-06-03T17:00:59+00:00","dateModified":"2024-06-04T08:40:52+00:00","breadcrumb":{"@id":"https:\/\/www.calfusterdetous.com\/dellegendes-el-festival-de-llegendes-de-catalunya-celebra-la-seva-15a-edicio-a-sant-marti-de-tous\/#breadcrumb"},"inLanguage":"es","potentialAction":[{"@type":"ReadAction","target":["https:\/\/www.calfusterdetous.com\/dellegendes-el-festival-de-llegendes-de-catalunya-celebra-la-seva-15a-edicio-a-sant-marti-de-tous\/"]}]},{"@type":"ImageObject","inLanguage":"es","@id":"https:\/\/www.calfusterdetous.com\/dellegendes-el-festival-de-llegendes-de-catalunya-celebra-la-seva-15a-edicio-a-sant-marti-de-tous\/#primaryimage","url":"https:\/\/www.calfusterdetous.com\/wp-content\/uploads\/2024\/06\/WhatsApp-Image-2024-05-30-at-13.13.45.jpeg","contentUrl":"https:\/\/www.calfusterdetous.com\/wp-content\/uploads\/2024\/06\/WhatsApp-Image-2024-05-30-at-13.13.45.jpeg","width":1600,"height":1600,"caption":"cartell Festival de Llegendes de Catalunya"},{"@type":"BreadcrumbList","@id":"https:\/\/www.calfusterdetous.com\/dellegendes-el-festival-de-llegendes-de-catalunya-celebra-la-seva-15a-edicio-a-sant-marti-de-tous\/#breadcrumb","itemListElement":[{"@type":"ListItem","position":1,"name":"Portada","item":"https:\/\/www.calfusterdetous.com\/"},{"@type":"ListItem","position":2,"name":"El Festival de Llegendes de Catalunya, celebra la seva 15a edici\u00f3 a Sant Mart\u00ed de Tous"}]},{"@type":"WebSite","@id":"https:\/\/www.calfusterdetous.com\/#website","url":"https:\/\/www.calfusterdetous.com\/","name":"Cal Fuster de la plaza","description":"Es una acogedora casa rural en Sant Mart\u00ed de Tous, ofreciendo cinco habitaciones \u00fanicas y espacios comunes llenos de historia y leyendas locales.","publisher":{"@id":"https:\/\/www.calfusterdetous.com\/#organization"},"potentialAction":[{"@type":"SearchAction","target":{"@type":"EntryPoint","urlTemplate":"https:\/\/www.calfusterdetous.com\/?s={search_term_string}"},"query-input":{"@type":"PropertyValueSpecification","valueRequired":true,"valueName":"search_term_string"}}],"inLanguage":"es"},{"@type":"Organization","@id":"https:\/\/www.calfusterdetous.com\/#organization","name":"Cal Fuster de la plaza","url":"https:\/\/www.calfusterdetous.com\/","logo":{"@type":"ImageObject","inLanguage":"es","@id":"https:\/\/www.calfusterdetous.com\/#\/schema\/logo\/image\/","url":"https:\/\/www.calfusterdetous.com\/wp-content\/uploads\/2020\/04\/Recurso-2@2x.png","contentUrl":"https:\/\/www.calfusterdetous.com\/wp-content\/uploads\/2020\/04\/Recurso-2@2x.png","width":441,"height":171,"caption":"Cal Fuster de la pla\u00e7a"},"image":{"@id":"https:\/\/www.calfusterdetous.com\/#\/schema\/logo\/image\/"}},{"@type":"Person","@id":"https:\/\/www.calfusterdetous.com\/#\/schema\/person\/7e88133b30365a368352e4b1632dfcbf","name":"miriam@hipo.tv","image":{"@type":"ImageObject","inLanguage":"es","@id":"https:\/\/secure.gravatar.com\/avatar\/be02b06539cf4bd0897e7b270832773daa8fa7279004b6f5b6d8c1b2ec3e4ffe?s=96&d=mm&r=g","url":"https:\/\/secure.gravatar.com\/avatar\/be02b06539cf4bd0897e7b270832773daa8fa7279004b6f5b6d8c1b2ec3e4ffe?s=96&d=mm&r=g","contentUrl":"https:\/\/secure.gravatar.com\/avatar\/be02b06539cf4bd0897e7b270832773daa8fa7279004b6f5b6d8c1b2ec3e4ffe?s=96&d=mm&r=g","caption":"miriam@hipo.tv"},"url":"https:\/\/www.calfusterdetous.com\/cast\/author\/miriamhipo-tv\/"}]}},"_links":{"self":[{"href":"https:\/\/www.calfusterdetous.com\/cast\/wp-json\/wp\/v2\/posts\/26826","targetHints":{"allow":["GET"]}}],"collection":[{"href":"https:\/\/www.calfusterdetous.com\/cast\/wp-json\/wp\/v2\/posts"}],"about":[{"href":"https:\/\/www.calfusterdetous.com\/cast\/wp-json\/wp\/v2\/types\/post"}],"author":[{"embeddable":true,"href":"https:\/\/www.calfusterdetous.com\/cast\/wp-json\/wp\/v2\/users\/3"}],"replies":[{"embeddable":true,"href":"https:\/\/www.calfusterdetous.com\/cast\/wp-json\/wp\/v2\/comments?post=26826"}],"version-history":[{"count":0,"href":"https:\/\/www.calfusterdetous.com\/cast\/wp-json\/wp\/v2\/posts\/26826\/revisions"}],"wp:featuredmedia":[{"embeddable":true,"href":"https:\/\/www.calfusterdetous.com\/cast\/wp-json\/wp\/v2\/media\/26827"}],"wp:attachment":[{"href":"https:\/\/www.calfusterdetous.com\/cast\/wp-json\/wp\/v2\/media?parent=26826"}],"wp:term":[{"taxonomy":"category","embeddable":true,"href":"https:\/\/www.calfusterdetous.com\/cast\/wp-json\/wp\/v2\/categories?post=26826"},{"taxonomy":"post_tag","embeddable":true,"href":"https:\/\/www.calfusterdetous.com\/cast\/wp-json\/wp\/v2\/tags?post=26826"}],"curies":[{"name":"wp","href":"https:\/\/api.w.org\/{rel}","templated":true}]}}