{"id":27501,"date":"2025-09-10T08:40:52","date_gmt":"2025-09-10T08:40:52","guid":{"rendered":"https:\/\/www.calfusterdetous.com\/?p=27501"},"modified":"2025-09-10T08:45:49","modified_gmt":"2025-09-10T08:45:49","slug":"firanoia-2025-una-bona-excusa-per-allotjar-te-a-cal-fuster-de-la-placa","status":"publish","type":"post","link":"https:\/\/www.calfusterdetous.com\/cast\/firanoia-2025-una-bona-excusa-per-allotjar-te-a-cal-fuster-de-la-placa\/","title":{"rendered":"FirAnoia 2025: una buena excusa para alojarte en Cal Fuster de la Pla\u00e7a"},"content":{"rendered":"<h3 class=\"wp-block-heading translation-block\">Si vienes como expositor o como visitante, alojarte en Cal Fuster de la Pla\u00e7a es una manera ideal de vivir este fin de semana<\/h3>\n\n\n\n<p>Los d\u00edas <strong>19. 20 y 21 de septiembre<\/strong>, Igualada vuelve a llenarse de actividad con la celebraci\u00f3n de la <strong><a href=\"https:\/\/www.firaigualada.org\/\">72 edici\u00f3n de FirAnoia<\/a><\/strong>la gran feria multisectorial de la comarca. Este a\u00f1o llega bajo el lema <strong>\"Tierra y Futuro\"<\/strong>un concepto que quiere poner en valor las raices del territorio y, a la misma vez, mirar hacia delante con innovaci\u00f3n y sostenibilidad.<\/p>\n\n\n\n<p>Durante todo el fin de semana, el Passeo de Igualada se convertir\u00e1 en un <strong>gran escaparate al aire libre<\/strong>, con sectores como la automoci\u00f3n, la artesan\u00eda, las antig\u00fcedades, las entidades y un nuevo espacio dedicado a emprendedores y proyectos emergentes. Adem\u00e1s, habr\u00e1 talleres, espect\u00e1culos, conciertos y actividades para todas las edades.<\/p>\n\n\n\n<p><strong>Horarios de FirAnoia 2025<\/strong><\/p>\n\n\n\n<ul class=\"wp-block-list\">\n<li>Viernes 19: de 17 h a 21 h<\/li>\n\n\n\n<li>S\u00e1bad0 20: de 10 h a 14:30 h y de 17 h a 21 h<\/li>\n\n\n\n<li>Domingo 21: de 10 h a 14:30 h y de 17 h a 20 h<\/li>\n<\/ul>\n\n\n\n<p>Si vienes como <strong>expositor<\/strong> o com a <strong>visitante<\/strong>, alojarte en <strong>Cal Fuster de la Pla\u00e7a<\/strong> es una manera ideal de vivir este fin de semana. Somos a solo unos minutos de Igualada, en un entorno tranquilo y acogedor donde podr\u00e1s descansar despu\u00e9s de la jornada y recargar energ\u00edas para aprovechar al m\u00e1ximo la feria.<\/p>\n\n\n\n<p>Reserva tu estancia y combina la vitalidad de <strong>FirAnoia 2025<\/strong> con la calma de nuestra casa rural.<\/p>","protected":false},"excerpt":{"rendered":"<p>Si vens com a expositor o com a visitant, allotjar-te a Cal Fuster de la Pla\u00e7a \u00e9s una manera ideal de viure aquest cap de setmana. Els dies 19, 20 i 21 de setembre, Igualada es torna a omplir d\u2019activitat [&hellip;]<\/p>\n","protected":false},"author":3,"featured_media":27504,"comment_status":"closed","ping_status":"closed","sticky":false,"template":"","format":"standard","meta":{"_monsterinsights_skip_tracking":false,"_monsterinsights_sitenote_active":false,"_monsterinsights_sitenote_note":"","_monsterinsights_sitenote_category":0,"footnotes":""},"categories":[210,245],"tags":[260,284,281,259],"class_list":["post-27501","post","type-post","status-publish","format-standard","has-post-thumbnail","hentry","category-blog","category-noticies-en","tag-anoia","tag-firanoia","tag-igualada","tag-turismerural"],"yoast_head":"<!-- This site is optimized with the Yoast SEO plugin v27.4 - https:\/\/yoast.com\/product\/yoast-seo-wordpress\/ -->\n<title>FirAnoia 2025: una bona excusa per allotjar-te a Cal Fuster de la Pla\u00e7a - Cal Fuster de la pla\u00e7a<\/title>\n<meta name=\"robots\" content=\"index, follow, max-snippet:-1, max-image-preview:large, max-video-preview:-1\" \/>\n<link rel=\"canonical\" href=\"https:\/\/www.calfusterdetous.com\/cast\/firanoia-2025-una-bona-excusa-per-allotjar-te-a-cal-fuster-de-la-placa\/\" \/>\n<meta property=\"og:locale\" content=\"es_ES\" \/>\n<meta property=\"og:type\" content=\"article\" \/>\n<meta property=\"og:title\" content=\"FirAnoia 2025: una bona excusa per allotjar-te a Cal Fuster de la Pla\u00e7a - Cal Fuster de la pla\u00e7a\" \/>\n<meta property=\"og:description\" content=\"Si vens com a expositor o com a visitant, allotjar-te a Cal Fuster de la Pla\u00e7a \u00e9s una manera ideal de viure aquest cap de setmana. Els dies 19, 20 i 21 de setembre, Igualada es torna a omplir d\u2019activitat [&hellip;]\" \/>\n<meta property=\"og:url\" content=\"https:\/\/www.calfusterdetous.com\/cast\/firanoia-2025-una-bona-excusa-per-allotjar-te-a-cal-fuster-de-la-placa\/\" \/>\n<meta property=\"og:site_name\" content=\"Cal Fuster de la pla\u00e7a\" \/>\n<meta property=\"article:published_time\" content=\"2025-09-10T08:40:52+00:00\" \/>\n<meta property=\"article:modified_time\" content=\"2025-09-10T08:45:49+00:00\" \/>\n<meta property=\"og:image\" content=\"https:\/\/www.calfusterdetous.com\/wp-content\/uploads\/2025\/09\/imagee.png\" \/>\n\t<meta property=\"og:image:width\" content=\"1445\" \/>\n\t<meta property=\"og:image:height\" content=\"1071\" \/>\n\t<meta property=\"og:image:type\" content=\"image\/png\" \/>\n<meta name=\"author\" content=\"miriam@hipo.tv\" \/>\n<meta name=\"twitter:card\" content=\"summary_large_image\" \/>\n<meta name=\"twitter:label1\" content=\"Escrito por\" \/>\n\t<meta name=\"twitter:data1\" content=\"miriam@hipo.tv\" \/>\n\t<meta name=\"twitter:label2\" content=\"Tiempo de lectura\" \/>\n\t<meta name=\"twitter:data2\" content=\"2 minutos\" \/>\n<script type=\"application\/ld+json\" class=\"yoast-schema-graph\">{\"@context\":\"https:\\\/\\\/schema.org\",\"@graph\":[{\"@type\":\"Article\",\"@id\":\"https:\\\/\\\/www.calfusterdetous.com\\\/firanoia-2025-una-bona-excusa-per-allotjar-te-a-cal-fuster-de-la-placa\\\/#article\",\"isPartOf\":{\"@id\":\"https:\\\/\\\/www.calfusterdetous.com\\\/firanoia-2025-una-bona-excusa-per-allotjar-te-a-cal-fuster-de-la-placa\\\/\"},\"author\":{\"name\":\"miriam@hipo.tv\",\"@id\":\"https:\\\/\\\/www.calfusterdetous.com\\\/#\\\/schema\\\/person\\\/7e88133b30365a368352e4b1632dfcbf\"},\"headline\":\"FirAnoia 2025: una bona excusa per allotjar-te a Cal Fuster de la Pla\u00e7a\",\"datePublished\":\"2025-09-10T08:40:52+00:00\",\"dateModified\":\"2025-09-10T08:45:49+00:00\",\"mainEntityOfPage\":{\"@id\":\"https:\\\/\\\/www.calfusterdetous.com\\\/firanoia-2025-una-bona-excusa-per-allotjar-te-a-cal-fuster-de-la-placa\\\/\"},\"wordCount\":258,\"publisher\":{\"@id\":\"https:\\\/\\\/www.calfusterdetous.com\\\/#organization\"},\"image\":{\"@id\":\"https:\\\/\\\/www.calfusterdetous.com\\\/firanoia-2025-una-bona-excusa-per-allotjar-te-a-cal-fuster-de-la-placa\\\/#primaryimage\"},\"thumbnailUrl\":\"https:\\\/\\\/www.calfusterdetous.com\\\/wp-content\\\/uploads\\\/2025\\\/09\\\/imagee.png\",\"keywords\":[\"Anoia\",\"FirAnoia\",\"Igualada\",\"turismerural\"],\"articleSection\":[\"Blog\",\"Not\u00edcies\"],\"inLanguage\":\"es\"},{\"@type\":\"WebPage\",\"@id\":\"https:\\\/\\\/www.calfusterdetous.com\\\/firanoia-2025-una-bona-excusa-per-allotjar-te-a-cal-fuster-de-la-placa\\\/\",\"url\":\"https:\\\/\\\/www.calfusterdetous.com\\\/firanoia-2025-una-bona-excusa-per-allotjar-te-a-cal-fuster-de-la-placa\\\/\",\"name\":\"FirAnoia 2025: una bona excusa per allotjar-te a Cal Fuster de la Pla\u00e7a - Cal Fuster de la pla\u00e7a\",\"isPartOf\":{\"@id\":\"https:\\\/\\\/www.calfusterdetous.com\\\/#website\"},\"primaryImageOfPage\":{\"@id\":\"https:\\\/\\\/www.calfusterdetous.com\\\/firanoia-2025-una-bona-excusa-per-allotjar-te-a-cal-fuster-de-la-placa\\\/#primaryimage\"},\"image\":{\"@id\":\"https:\\\/\\\/www.calfusterdetous.com\\\/firanoia-2025-una-bona-excusa-per-allotjar-te-a-cal-fuster-de-la-placa\\\/#primaryimage\"},\"thumbnailUrl\":\"https:\\\/\\\/www.calfusterdetous.com\\\/wp-content\\\/uploads\\\/2025\\\/09\\\/imagee.png\",\"datePublished\":\"2025-09-10T08:40:52+00:00\",\"dateModified\":\"2025-09-10T08:45:49+00:00\",\"breadcrumb\":{\"@id\":\"https:\\\/\\\/www.calfusterdetous.com\\\/firanoia-2025-una-bona-excusa-per-allotjar-te-a-cal-fuster-de-la-placa\\\/#breadcrumb\"},\"inLanguage\":\"es\",\"potentialAction\":[{\"@type\":\"ReadAction\",\"target\":[\"https:\\\/\\\/www.calfusterdetous.com\\\/firanoia-2025-una-bona-excusa-per-allotjar-te-a-cal-fuster-de-la-placa\\\/\"]}]},{\"@type\":\"ImageObject\",\"inLanguage\":\"es\",\"@id\":\"https:\\\/\\\/www.calfusterdetous.com\\\/firanoia-2025-una-bona-excusa-per-allotjar-te-a-cal-fuster-de-la-placa\\\/#primaryimage\",\"url\":\"https:\\\/\\\/www.calfusterdetous.com\\\/wp-content\\\/uploads\\\/2025\\\/09\\\/imagee.png\",\"contentUrl\":\"https:\\\/\\\/www.calfusterdetous.com\\\/wp-content\\\/uploads\\\/2025\\\/09\\\/imagee.png\",\"width\":1445,\"height\":1071},{\"@type\":\"BreadcrumbList\",\"@id\":\"https:\\\/\\\/www.calfusterdetous.com\\\/firanoia-2025-una-bona-excusa-per-allotjar-te-a-cal-fuster-de-la-placa\\\/#breadcrumb\",\"itemListElement\":[{\"@type\":\"ListItem\",\"position\":1,\"name\":\"Portada\",\"item\":\"https:\\\/\\\/www.calfusterdetous.com\\\/\"},{\"@type\":\"ListItem\",\"position\":2,\"name\":\"FirAnoia 2025: una bona excusa per allotjar-te a Cal Fuster de la Pla\u00e7a\"}]},{\"@type\":\"WebSite\",\"@id\":\"https:\\\/\\\/www.calfusterdetous.com\\\/#website\",\"url\":\"https:\\\/\\\/www.calfusterdetous.com\\\/\",\"name\":\"Cal Fuster de la pla\u00e7a\",\"description\":\"Es una acogedora casa rural en Sant Mart\u00ed de Tous, ofreciendo cinco habitaciones \u00fanicas y espacios comunes llenos de historia y leyendas locales. \",\"publisher\":{\"@id\":\"https:\\\/\\\/www.calfusterdetous.com\\\/#organization\"},\"potentialAction\":[{\"@type\":\"SearchAction\",\"target\":{\"@type\":\"EntryPoint\",\"urlTemplate\":\"https:\\\/\\\/www.calfusterdetous.com\\\/?s={search_term_string}\"},\"query-input\":{\"@type\":\"PropertyValueSpecification\",\"valueRequired\":true,\"valueName\":\"search_term_string\"}}],\"inLanguage\":\"es\"},{\"@type\":\"Organization\",\"@id\":\"https:\\\/\\\/www.calfusterdetous.com\\\/#organization\",\"name\":\"Cal Fuster de la pla\u00e7a\",\"url\":\"https:\\\/\\\/www.calfusterdetous.com\\\/\",\"logo\":{\"@type\":\"ImageObject\",\"inLanguage\":\"es\",\"@id\":\"https:\\\/\\\/www.calfusterdetous.com\\\/#\\\/schema\\\/logo\\\/image\\\/\",\"url\":\"https:\\\/\\\/www.calfusterdetous.com\\\/wp-content\\\/uploads\\\/2020\\\/04\\\/Recurso-2@2x.png\",\"contentUrl\":\"https:\\\/\\\/www.calfusterdetous.com\\\/wp-content\\\/uploads\\\/2020\\\/04\\\/Recurso-2@2x.png\",\"width\":441,\"height\":171,\"caption\":\"Cal Fuster de la pla\u00e7a\"},\"image\":{\"@id\":\"https:\\\/\\\/www.calfusterdetous.com\\\/#\\\/schema\\\/logo\\\/image\\\/\"}},{\"@type\":\"Person\",\"@id\":\"https:\\\/\\\/www.calfusterdetous.com\\\/#\\\/schema\\\/person\\\/7e88133b30365a368352e4b1632dfcbf\",\"name\":\"miriam@hipo.tv\",\"image\":{\"@type\":\"ImageObject\",\"inLanguage\":\"es\",\"@id\":\"https:\\\/\\\/secure.gravatar.com\\\/avatar\\\/be02b06539cf4bd0897e7b270832773daa8fa7279004b6f5b6d8c1b2ec3e4ffe?s=96&d=mm&r=g\",\"url\":\"https:\\\/\\\/secure.gravatar.com\\\/avatar\\\/be02b06539cf4bd0897e7b270832773daa8fa7279004b6f5b6d8c1b2ec3e4ffe?s=96&d=mm&r=g\",\"contentUrl\":\"https:\\\/\\\/secure.gravatar.com\\\/avatar\\\/be02b06539cf4bd0897e7b270832773daa8fa7279004b6f5b6d8c1b2ec3e4ffe?s=96&d=mm&r=g\",\"caption\":\"miriam@hipo.tv\"},\"url\":\"https:\\\/\\\/www.calfusterdetous.com\\\/cast\\\/author\\\/miriamhipo-tv\\\/\"}]}<\/script>\n<!-- \/ Yoast SEO plugin. -->","yoast_head_json":{"title":"FirAnoia 2025: una bona excusa per allotjar-te a Cal Fuster de la Pla\u00e7a - Cal Fuster de la pla\u00e7a","robots":{"index":"index","follow":"follow","max-snippet":"max-snippet:-1","max-image-preview":"max-image-preview:large","max-video-preview":"max-video-preview:-1"},"canonical":"https:\/\/www.calfusterdetous.com\/cast\/firanoia-2025-una-bona-excusa-per-allotjar-te-a-cal-fuster-de-la-placa\/","og_locale":"es_ES","og_type":"article","og_title":"FirAnoia 2025: una bona excusa per allotjar-te a Cal Fuster de la Pla\u00e7a - Cal Fuster de la pla\u00e7a","og_description":"Si vens com a expositor o com a visitant, allotjar-te a Cal Fuster de la Pla\u00e7a \u00e9s una manera ideal de viure aquest cap de setmana. Els dies 19, 20 i 21 de setembre, Igualada es torna a omplir d\u2019activitat [&hellip;]","og_url":"https:\/\/www.calfusterdetous.com\/cast\/firanoia-2025-una-bona-excusa-per-allotjar-te-a-cal-fuster-de-la-placa\/","og_site_name":"Cal Fuster de la pla\u00e7a","article_published_time":"2025-09-10T08:40:52+00:00","article_modified_time":"2025-09-10T08:45:49+00:00","og_image":[{"width":1445,"height":1071,"url":"https:\/\/www.calfusterdetous.com\/wp-content\/uploads\/2025\/09\/imagee.png","type":"image\/png"}],"author":"miriam@hipo.tv","twitter_card":"summary_large_image","twitter_misc":{"Escrito por":"miriam@hipo.tv","Tiempo de lectura":"2 minutos"},"schema":{"@context":"https:\/\/schema.org","@graph":[{"@type":"Article","@id":"https:\/\/www.calfusterdetous.com\/firanoia-2025-una-bona-excusa-per-allotjar-te-a-cal-fuster-de-la-placa\/#article","isPartOf":{"@id":"https:\/\/www.calfusterdetous.com\/firanoia-2025-una-bona-excusa-per-allotjar-te-a-cal-fuster-de-la-placa\/"},"author":{"name":"miriam@hipo.tv","@id":"https:\/\/www.calfusterdetous.com\/#\/schema\/person\/7e88133b30365a368352e4b1632dfcbf"},"headline":"FirAnoia 2025: una bona excusa per allotjar-te a Cal Fuster de la Pla\u00e7a","datePublished":"2025-09-10T08:40:52+00:00","dateModified":"2025-09-10T08:45:49+00:00","mainEntityOfPage":{"@id":"https:\/\/www.calfusterdetous.com\/firanoia-2025-una-bona-excusa-per-allotjar-te-a-cal-fuster-de-la-placa\/"},"wordCount":258,"publisher":{"@id":"https:\/\/www.calfusterdetous.com\/#organization"},"image":{"@id":"https:\/\/www.calfusterdetous.com\/firanoia-2025-una-bona-excusa-per-allotjar-te-a-cal-fuster-de-la-placa\/#primaryimage"},"thumbnailUrl":"https:\/\/www.calfusterdetous.com\/wp-content\/uploads\/2025\/09\/imagee.png","keywords":["Anoia","FirAnoia","Igualada","turismerural"],"articleSection":["Blog","Not\u00edcies"],"inLanguage":"es"},{"@type":"WebPage","@id":"https:\/\/www.calfusterdetous.com\/firanoia-2025-una-bona-excusa-per-allotjar-te-a-cal-fuster-de-la-placa\/","url":"https:\/\/www.calfusterdetous.com\/firanoia-2025-una-bona-excusa-per-allotjar-te-a-cal-fuster-de-la-placa\/","name":"FirAnoia 2025: una bona excusa per allotjar-te a Cal Fuster de la Pla\u00e7a - Cal Fuster de la pla\u00e7a","isPartOf":{"@id":"https:\/\/www.calfusterdetous.com\/#website"},"primaryImageOfPage":{"@id":"https:\/\/www.calfusterdetous.com\/firanoia-2025-una-bona-excusa-per-allotjar-te-a-cal-fuster-de-la-placa\/#primaryimage"},"image":{"@id":"https:\/\/www.calfusterdetous.com\/firanoia-2025-una-bona-excusa-per-allotjar-te-a-cal-fuster-de-la-placa\/#primaryimage"},"thumbnailUrl":"https:\/\/www.calfusterdetous.com\/wp-content\/uploads\/2025\/09\/imagee.png","datePublished":"2025-09-10T08:40:52+00:00","dateModified":"2025-09-10T08:45:49+00:00","breadcrumb":{"@id":"https:\/\/www.calfusterdetous.com\/firanoia-2025-una-bona-excusa-per-allotjar-te-a-cal-fuster-de-la-placa\/#breadcrumb"},"inLanguage":"es","potentialAction":[{"@type":"ReadAction","target":["https:\/\/www.calfusterdetous.com\/firanoia-2025-una-bona-excusa-per-allotjar-te-a-cal-fuster-de-la-placa\/"]}]},{"@type":"ImageObject","inLanguage":"es","@id":"https:\/\/www.calfusterdetous.com\/firanoia-2025-una-bona-excusa-per-allotjar-te-a-cal-fuster-de-la-placa\/#primaryimage","url":"https:\/\/www.calfusterdetous.com\/wp-content\/uploads\/2025\/09\/imagee.png","contentUrl":"https:\/\/www.calfusterdetous.com\/wp-content\/uploads\/2025\/09\/imagee.png","width":1445,"height":1071},{"@type":"BreadcrumbList","@id":"https:\/\/www.calfusterdetous.com\/firanoia-2025-una-bona-excusa-per-allotjar-te-a-cal-fuster-de-la-placa\/#breadcrumb","itemListElement":[{"@type":"ListItem","position":1,"name":"Portada","item":"https:\/\/www.calfusterdetous.com\/"},{"@type":"ListItem","position":2,"name":"FirAnoia 2025: una bona excusa per allotjar-te a Cal Fuster de la Pla\u00e7a"}]},{"@type":"WebSite","@id":"https:\/\/www.calfusterdetous.com\/#website","url":"https:\/\/www.calfusterdetous.com\/","name":"Cal Fuster de la plaza","description":"Es una acogedora casa rural en Sant Mart\u00ed de Tous, ofreciendo cinco habitaciones \u00fanicas y espacios comunes llenos de historia y leyendas locales.","publisher":{"@id":"https:\/\/www.calfusterdetous.com\/#organization"},"potentialAction":[{"@type":"SearchAction","target":{"@type":"EntryPoint","urlTemplate":"https:\/\/www.calfusterdetous.com\/?s={search_term_string}"},"query-input":{"@type":"PropertyValueSpecification","valueRequired":true,"valueName":"search_term_string"}}],"inLanguage":"es"},{"@type":"Organization","@id":"https:\/\/www.calfusterdetous.com\/#organization","name":"Cal Fuster de la plaza","url":"https:\/\/www.calfusterdetous.com\/","logo":{"@type":"ImageObject","inLanguage":"es","@id":"https:\/\/www.calfusterdetous.com\/#\/schema\/logo\/image\/","url":"https:\/\/www.calfusterdetous.com\/wp-content\/uploads\/2020\/04\/Recurso-2@2x.png","contentUrl":"https:\/\/www.calfusterdetous.com\/wp-content\/uploads\/2020\/04\/Recurso-2@2x.png","width":441,"height":171,"caption":"Cal Fuster de la pla\u00e7a"},"image":{"@id":"https:\/\/www.calfusterdetous.com\/#\/schema\/logo\/image\/"}},{"@type":"Person","@id":"https:\/\/www.calfusterdetous.com\/#\/schema\/person\/7e88133b30365a368352e4b1632dfcbf","name":"miriam@hipo.tv","image":{"@type":"ImageObject","inLanguage":"es","@id":"https:\/\/secure.gravatar.com\/avatar\/be02b06539cf4bd0897e7b270832773daa8fa7279004b6f5b6d8c1b2ec3e4ffe?s=96&d=mm&r=g","url":"https:\/\/secure.gravatar.com\/avatar\/be02b06539cf4bd0897e7b270832773daa8fa7279004b6f5b6d8c1b2ec3e4ffe?s=96&d=mm&r=g","contentUrl":"https:\/\/secure.gravatar.com\/avatar\/be02b06539cf4bd0897e7b270832773daa8fa7279004b6f5b6d8c1b2ec3e4ffe?s=96&d=mm&r=g","caption":"miriam@hipo.tv"},"url":"https:\/\/www.calfusterdetous.com\/cast\/author\/miriamhipo-tv\/"}]}},"_links":{"self":[{"href":"https:\/\/www.calfusterdetous.com\/cast\/wp-json\/wp\/v2\/posts\/27501","targetHints":{"allow":["GET"]}}],"collection":[{"href":"https:\/\/www.calfusterdetous.com\/cast\/wp-json\/wp\/v2\/posts"}],"about":[{"href":"https:\/\/www.calfusterdetous.com\/cast\/wp-json\/wp\/v2\/types\/post"}],"author":[{"embeddable":true,"href":"https:\/\/www.calfusterdetous.com\/cast\/wp-json\/wp\/v2\/users\/3"}],"replies":[{"embeddable":true,"href":"https:\/\/www.calfusterdetous.com\/cast\/wp-json\/wp\/v2\/comments?post=27501"}],"version-history":[{"count":1,"href":"https:\/\/www.calfusterdetous.com\/cast\/wp-json\/wp\/v2\/posts\/27501\/revisions"}],"predecessor-version":[{"id":27503,"href":"https:\/\/www.calfusterdetous.com\/cast\/wp-json\/wp\/v2\/posts\/27501\/revisions\/27503"}],"wp:featuredmedia":[{"embeddable":true,"href":"https:\/\/www.calfusterdetous.com\/cast\/wp-json\/wp\/v2\/media\/27504"}],"wp:attachment":[{"href":"https:\/\/www.calfusterdetous.com\/cast\/wp-json\/wp\/v2\/media?parent=27501"}],"wp:term":[{"taxonomy":"category","embeddable":true,"href":"https:\/\/www.calfusterdetous.com\/cast\/wp-json\/wp\/v2\/categories?post=27501"},{"taxonomy":"post_tag","embeddable":true,"href":"https:\/\/www.calfusterdetous.com\/cast\/wp-json\/wp\/v2\/tags?post=27501"}],"curies":[{"name":"wp","href":"https:\/\/api.w.org\/{rel}","templated":true}]}}