{"id":27629,"date":"2026-02-03T18:02:54","date_gmt":"2026-02-03T18:02:54","guid":{"rendered":"https:\/\/www.calfusterdetous.com\/?p=27629"},"modified":"2026-03-17T17:11:01","modified_gmt":"2026-03-17T17:11:01","slug":"cal-fuster-de-la-placa-sobre-al-fineart-igualada-2026","status":"publish","type":"post","link":"https:\/\/www.calfusterdetous.com\/cast\/cal-fuster-de-la-placa-sobre-al-fineart-igualada-2026\/","title":{"rendered":"Cal Fuster de la Pla\u00e7a se abre al FineArt Igualada 2026"},"content":{"rendered":"<p class=\"translation-block\">Con motivo del FineArt Igualada 2026, Cal Fuster de la Plaza abre sus puertas para sumarse a uno de los acontecimientos culturales m\u00e1s destacados del territorio e invitar todo el mundo a descubrir este espacio lleno de historia y vida.<\/p>\n\n\n\n<p class=\"translation-block\">Situada en el pueblo de Sant Mart\u00ed de Tous, a tocar de Igualada, la casa ofrece una escapada cultural donde la fotograf\u00eda se vive con calma, lejos del ritmo acelerado y en di\u00e1logo con la arquitectura y la memoria del lugar.<\/p>\n\n\n\n<p>Durante los d\u00edas del festival, Igualada y su entorno se transforman en un gran circuito expositivo donde la fotograf\u00eda dialoga con espacios patrimoniales, comerciales y singulares. <\/p>\n\n\n\n<p>El FineArt convierte el territorio en un punto de encuentro para la cultura y el pensamiento visual, y desde Cal Fuster de la Plaza queremos formar parte de este movimiento, abri\u00e9ndonos al p\u00fablico y compartiendo el espacio con todas las personas que quieran disfrutar de la fotograf\u00eda en un entorno \u00fanico.<\/p>\n\n\n\n<p class=\"translation-block\">Os invitamos a venir, entrar, mirar, descubrir y dejaros llevar por esta experiencia que une fotograf\u00eda, patrimonio y paisaje<\/p>\n\n\n\n<p>\ud83d\udcc6 <strong>FineArt Igualada 2026<\/strong><br>\ud83d\uddd3\ufe0f Del 27 de febrero al 22 de marzo<\/p>\n\n\n\n<p>Os esperamos!<\/p>\n\n\n\n<p><\/p>\n\n\n\n<p>Foto: Marc Vila<\/p>\n\n\n\n<p><\/p>","protected":false},"excerpt":{"rendered":"<p>Amb motiu del FineArt Igualada 2026, Cal Fuster de la Pla\u00e7a obre les seves portes per sumar-se a un dels esdeveniments culturals m\u00e9s destacats del territori i convidar tothom a descobrir aquest espai ple d\u2019hist\u00f2ria i vida. Situada al poble [&hellip;]<\/p>\n","protected":false},"author":3,"featured_media":27689,"comment_status":"closed","ping_status":"closed","sticky":false,"template":"","format":"standard","meta":{"_monsterinsights_skip_tracking":false,"_monsterinsights_sitenote_active":false,"_monsterinsights_sitenote_note":"","_monsterinsights_sitenote_category":0,"footnotes":""},"categories":[210,242],"tags":[286,259],"class_list":["post-27629","post","type-post","status-publish","format-standard","has-post-thumbnail","hentry","category-blog","category-noticies-es","tag-fineartigualada","tag-turismerural"],"yoast_head":"<!-- This site is optimized with the Yoast SEO plugin v27.4 - https:\/\/yoast.com\/product\/yoast-seo-wordpress\/ -->\n<title>Cal Fuster de la Pla\u00e7a s\u2019obre al FineArt Igualada 2026 - Cal Fuster de la pla\u00e7a<\/title>\n<meta name=\"robots\" content=\"index, follow, max-snippet:-1, max-image-preview:large, max-video-preview:-1\" \/>\n<link rel=\"canonical\" href=\"https:\/\/www.calfusterdetous.com\/cast\/cal-fuster-de-la-placa-sobre-al-fineart-igualada-2026\/\" \/>\n<meta property=\"og:locale\" content=\"es_ES\" \/>\n<meta property=\"og:type\" content=\"article\" \/>\n<meta property=\"og:title\" content=\"Cal Fuster de la Pla\u00e7a s\u2019obre al FineArt Igualada 2026 - Cal Fuster de la pla\u00e7a\" \/>\n<meta property=\"og:description\" content=\"Amb motiu del FineArt Igualada 2026, Cal Fuster de la Pla\u00e7a obre les seves portes per sumar-se a un dels esdeveniments culturals m\u00e9s destacats del territori i convidar tothom a descobrir aquest espai ple d\u2019hist\u00f2ria i vida. Situada al poble [&hellip;]\" \/>\n<meta property=\"og:url\" content=\"https:\/\/www.calfusterdetous.com\/cast\/cal-fuster-de-la-placa-sobre-al-fineart-igualada-2026\/\" \/>\n<meta property=\"og:site_name\" content=\"Cal Fuster de la pla\u00e7a\" \/>\n<meta property=\"article:published_time\" content=\"2026-02-03T18:02:54+00:00\" \/>\n<meta property=\"article:modified_time\" content=\"2026-03-17T17:11:01+00:00\" \/>\n<meta property=\"og:image\" content=\"https:\/\/www.calfusterdetous.com\/wp-content\/uploads\/2026\/02\/Fineart149.jpg\" \/>\n\t<meta property=\"og:image:width\" content=\"2400\" \/>\n\t<meta property=\"og:image:height\" content=\"1600\" \/>\n\t<meta property=\"og:image:type\" content=\"image\/jpeg\" \/>\n<meta name=\"author\" content=\"miriam@hipo.tv\" \/>\n<meta name=\"twitter:card\" content=\"summary_large_image\" \/>\n<meta name=\"twitter:label1\" content=\"Escrito por\" \/>\n\t<meta name=\"twitter:data1\" content=\"miriam@hipo.tv\" \/>\n\t<meta name=\"twitter:label2\" content=\"Tiempo de lectura\" \/>\n\t<meta name=\"twitter:data2\" content=\"2 minutos\" \/>\n<script type=\"application\/ld+json\" class=\"yoast-schema-graph\">{\"@context\":\"https:\\\/\\\/schema.org\",\"@graph\":[{\"@type\":\"Article\",\"@id\":\"https:\\\/\\\/www.calfusterdetous.com\\\/cal-fuster-de-la-placa-sobre-al-fineart-igualada-2026\\\/#article\",\"isPartOf\":{\"@id\":\"https:\\\/\\\/www.calfusterdetous.com\\\/cal-fuster-de-la-placa-sobre-al-fineart-igualada-2026\\\/\"},\"author\":{\"name\":\"miriam@hipo.tv\",\"@id\":\"https:\\\/\\\/www.calfusterdetous.com\\\/#\\\/schema\\\/person\\\/7e88133b30365a368352e4b1632dfcbf\"},\"headline\":\"Cal Fuster de la Pla\u00e7a s\u2019obre al FineArt Igualada 2026\",\"datePublished\":\"2026-02-03T18:02:54+00:00\",\"dateModified\":\"2026-03-17T17:11:01+00:00\",\"mainEntityOfPage\":{\"@id\":\"https:\\\/\\\/www.calfusterdetous.com\\\/cal-fuster-de-la-placa-sobre-al-fineart-igualada-2026\\\/\"},\"wordCount\":209,\"publisher\":{\"@id\":\"https:\\\/\\\/www.calfusterdetous.com\\\/#organization\"},\"image\":{\"@id\":\"https:\\\/\\\/www.calfusterdetous.com\\\/cal-fuster-de-la-placa-sobre-al-fineart-igualada-2026\\\/#primaryimage\"},\"thumbnailUrl\":\"https:\\\/\\\/www.calfusterdetous.com\\\/wp-content\\\/uploads\\\/2026\\\/02\\\/Fineart149.jpg\",\"keywords\":[\"fineartigualada\",\"turismerural\"],\"articleSection\":[\"Blog\",\"Not\u00edcies\"],\"inLanguage\":\"es\"},{\"@type\":\"WebPage\",\"@id\":\"https:\\\/\\\/www.calfusterdetous.com\\\/cal-fuster-de-la-placa-sobre-al-fineart-igualada-2026\\\/\",\"url\":\"https:\\\/\\\/www.calfusterdetous.com\\\/cal-fuster-de-la-placa-sobre-al-fineart-igualada-2026\\\/\",\"name\":\"Cal Fuster de la Pla\u00e7a s\u2019obre al FineArt Igualada 2026 - Cal Fuster de la pla\u00e7a\",\"isPartOf\":{\"@id\":\"https:\\\/\\\/www.calfusterdetous.com\\\/#website\"},\"primaryImageOfPage\":{\"@id\":\"https:\\\/\\\/www.calfusterdetous.com\\\/cal-fuster-de-la-placa-sobre-al-fineart-igualada-2026\\\/#primaryimage\"},\"image\":{\"@id\":\"https:\\\/\\\/www.calfusterdetous.com\\\/cal-fuster-de-la-placa-sobre-al-fineart-igualada-2026\\\/#primaryimage\"},\"thumbnailUrl\":\"https:\\\/\\\/www.calfusterdetous.com\\\/wp-content\\\/uploads\\\/2026\\\/02\\\/Fineart149.jpg\",\"datePublished\":\"2026-02-03T18:02:54+00:00\",\"dateModified\":\"2026-03-17T17:11:01+00:00\",\"breadcrumb\":{\"@id\":\"https:\\\/\\\/www.calfusterdetous.com\\\/cal-fuster-de-la-placa-sobre-al-fineart-igualada-2026\\\/#breadcrumb\"},\"inLanguage\":\"es\",\"potentialAction\":[{\"@type\":\"ReadAction\",\"target\":[\"https:\\\/\\\/www.calfusterdetous.com\\\/cal-fuster-de-la-placa-sobre-al-fineart-igualada-2026\\\/\"]}]},{\"@type\":\"ImageObject\",\"inLanguage\":\"es\",\"@id\":\"https:\\\/\\\/www.calfusterdetous.com\\\/cal-fuster-de-la-placa-sobre-al-fineart-igualada-2026\\\/#primaryimage\",\"url\":\"https:\\\/\\\/www.calfusterdetous.com\\\/wp-content\\\/uploads\\\/2026\\\/02\\\/Fineart149.jpg\",\"contentUrl\":\"https:\\\/\\\/www.calfusterdetous.com\\\/wp-content\\\/uploads\\\/2026\\\/02\\\/Fineart149.jpg\",\"width\":2400,\"height\":1600},{\"@type\":\"BreadcrumbList\",\"@id\":\"https:\\\/\\\/www.calfusterdetous.com\\\/cal-fuster-de-la-placa-sobre-al-fineart-igualada-2026\\\/#breadcrumb\",\"itemListElement\":[{\"@type\":\"ListItem\",\"position\":1,\"name\":\"Portada\",\"item\":\"https:\\\/\\\/www.calfusterdetous.com\\\/\"},{\"@type\":\"ListItem\",\"position\":2,\"name\":\"Cal Fuster de la Pla\u00e7a s\u2019obre al FineArt Igualada 2026\"}]},{\"@type\":\"WebSite\",\"@id\":\"https:\\\/\\\/www.calfusterdetous.com\\\/#website\",\"url\":\"https:\\\/\\\/www.calfusterdetous.com\\\/\",\"name\":\"Cal Fuster de la pla\u00e7a\",\"description\":\"Es una acogedora casa rural en Sant Mart\u00ed de Tous, ofreciendo cinco habitaciones \u00fanicas y espacios comunes llenos de historia y leyendas locales. \",\"publisher\":{\"@id\":\"https:\\\/\\\/www.calfusterdetous.com\\\/#organization\"},\"potentialAction\":[{\"@type\":\"SearchAction\",\"target\":{\"@type\":\"EntryPoint\",\"urlTemplate\":\"https:\\\/\\\/www.calfusterdetous.com\\\/?s={search_term_string}\"},\"query-input\":{\"@type\":\"PropertyValueSpecification\",\"valueRequired\":true,\"valueName\":\"search_term_string\"}}],\"inLanguage\":\"es\"},{\"@type\":\"Organization\",\"@id\":\"https:\\\/\\\/www.calfusterdetous.com\\\/#organization\",\"name\":\"Cal Fuster de la pla\u00e7a\",\"url\":\"https:\\\/\\\/www.calfusterdetous.com\\\/\",\"logo\":{\"@type\":\"ImageObject\",\"inLanguage\":\"es\",\"@id\":\"https:\\\/\\\/www.calfusterdetous.com\\\/#\\\/schema\\\/logo\\\/image\\\/\",\"url\":\"https:\\\/\\\/www.calfusterdetous.com\\\/wp-content\\\/uploads\\\/2020\\\/04\\\/Recurso-2@2x.png\",\"contentUrl\":\"https:\\\/\\\/www.calfusterdetous.com\\\/wp-content\\\/uploads\\\/2020\\\/04\\\/Recurso-2@2x.png\",\"width\":441,\"height\":171,\"caption\":\"Cal Fuster de la pla\u00e7a\"},\"image\":{\"@id\":\"https:\\\/\\\/www.calfusterdetous.com\\\/#\\\/schema\\\/logo\\\/image\\\/\"}},{\"@type\":\"Person\",\"@id\":\"https:\\\/\\\/www.calfusterdetous.com\\\/#\\\/schema\\\/person\\\/7e88133b30365a368352e4b1632dfcbf\",\"name\":\"miriam@hipo.tv\",\"image\":{\"@type\":\"ImageObject\",\"inLanguage\":\"es\",\"@id\":\"https:\\\/\\\/secure.gravatar.com\\\/avatar\\\/be02b06539cf4bd0897e7b270832773daa8fa7279004b6f5b6d8c1b2ec3e4ffe?s=96&d=mm&r=g\",\"url\":\"https:\\\/\\\/secure.gravatar.com\\\/avatar\\\/be02b06539cf4bd0897e7b270832773daa8fa7279004b6f5b6d8c1b2ec3e4ffe?s=96&d=mm&r=g\",\"contentUrl\":\"https:\\\/\\\/secure.gravatar.com\\\/avatar\\\/be02b06539cf4bd0897e7b270832773daa8fa7279004b6f5b6d8c1b2ec3e4ffe?s=96&d=mm&r=g\",\"caption\":\"miriam@hipo.tv\"},\"url\":\"https:\\\/\\\/www.calfusterdetous.com\\\/cast\\\/author\\\/miriamhipo-tv\\\/\"}]}<\/script>\n<!-- \/ Yoast SEO plugin. -->","yoast_head_json":{"title":"Cal Fuster de la Pla\u00e7a s\u2019obre al FineArt Igualada 2026 - Cal Fuster de la pla\u00e7a","robots":{"index":"index","follow":"follow","max-snippet":"max-snippet:-1","max-image-preview":"max-image-preview:large","max-video-preview":"max-video-preview:-1"},"canonical":"https:\/\/www.calfusterdetous.com\/cast\/cal-fuster-de-la-placa-sobre-al-fineart-igualada-2026\/","og_locale":"es_ES","og_type":"article","og_title":"Cal Fuster de la Pla\u00e7a s\u2019obre al FineArt Igualada 2026 - Cal Fuster de la pla\u00e7a","og_description":"Amb motiu del FineArt Igualada 2026, Cal Fuster de la Pla\u00e7a obre les seves portes per sumar-se a un dels esdeveniments culturals m\u00e9s destacats del territori i convidar tothom a descobrir aquest espai ple d\u2019hist\u00f2ria i vida. Situada al poble [&hellip;]","og_url":"https:\/\/www.calfusterdetous.com\/cast\/cal-fuster-de-la-placa-sobre-al-fineart-igualada-2026\/","og_site_name":"Cal Fuster de la pla\u00e7a","article_published_time":"2026-02-03T18:02:54+00:00","article_modified_time":"2026-03-17T17:11:01+00:00","og_image":[{"width":2400,"height":1600,"url":"https:\/\/www.calfusterdetous.com\/wp-content\/uploads\/2026\/02\/Fineart149.jpg","type":"image\/jpeg"}],"author":"miriam@hipo.tv","twitter_card":"summary_large_image","twitter_misc":{"Escrito por":"miriam@hipo.tv","Tiempo de lectura":"2 minutos"},"schema":{"@context":"https:\/\/schema.org","@graph":[{"@type":"Article","@id":"https:\/\/www.calfusterdetous.com\/cal-fuster-de-la-placa-sobre-al-fineart-igualada-2026\/#article","isPartOf":{"@id":"https:\/\/www.calfusterdetous.com\/cal-fuster-de-la-placa-sobre-al-fineart-igualada-2026\/"},"author":{"name":"miriam@hipo.tv","@id":"https:\/\/www.calfusterdetous.com\/#\/schema\/person\/7e88133b30365a368352e4b1632dfcbf"},"headline":"Cal Fuster de la Pla\u00e7a s\u2019obre al FineArt Igualada 2026","datePublished":"2026-02-03T18:02:54+00:00","dateModified":"2026-03-17T17:11:01+00:00","mainEntityOfPage":{"@id":"https:\/\/www.calfusterdetous.com\/cal-fuster-de-la-placa-sobre-al-fineart-igualada-2026\/"},"wordCount":209,"publisher":{"@id":"https:\/\/www.calfusterdetous.com\/#organization"},"image":{"@id":"https:\/\/www.calfusterdetous.com\/cal-fuster-de-la-placa-sobre-al-fineart-igualada-2026\/#primaryimage"},"thumbnailUrl":"https:\/\/www.calfusterdetous.com\/wp-content\/uploads\/2026\/02\/Fineart149.jpg","keywords":["fineartigualada","turismerural"],"articleSection":["Blog","Not\u00edcies"],"inLanguage":"es"},{"@type":"WebPage","@id":"https:\/\/www.calfusterdetous.com\/cal-fuster-de-la-placa-sobre-al-fineart-igualada-2026\/","url":"https:\/\/www.calfusterdetous.com\/cal-fuster-de-la-placa-sobre-al-fineart-igualada-2026\/","name":"Cal Fuster de la Pla\u00e7a s\u2019obre al FineArt Igualada 2026 - Cal Fuster de la pla\u00e7a","isPartOf":{"@id":"https:\/\/www.calfusterdetous.com\/#website"},"primaryImageOfPage":{"@id":"https:\/\/www.calfusterdetous.com\/cal-fuster-de-la-placa-sobre-al-fineart-igualada-2026\/#primaryimage"},"image":{"@id":"https:\/\/www.calfusterdetous.com\/cal-fuster-de-la-placa-sobre-al-fineart-igualada-2026\/#primaryimage"},"thumbnailUrl":"https:\/\/www.calfusterdetous.com\/wp-content\/uploads\/2026\/02\/Fineart149.jpg","datePublished":"2026-02-03T18:02:54+00:00","dateModified":"2026-03-17T17:11:01+00:00","breadcrumb":{"@id":"https:\/\/www.calfusterdetous.com\/cal-fuster-de-la-placa-sobre-al-fineart-igualada-2026\/#breadcrumb"},"inLanguage":"es","potentialAction":[{"@type":"ReadAction","target":["https:\/\/www.calfusterdetous.com\/cal-fuster-de-la-placa-sobre-al-fineart-igualada-2026\/"]}]},{"@type":"ImageObject","inLanguage":"es","@id":"https:\/\/www.calfusterdetous.com\/cal-fuster-de-la-placa-sobre-al-fineart-igualada-2026\/#primaryimage","url":"https:\/\/www.calfusterdetous.com\/wp-content\/uploads\/2026\/02\/Fineart149.jpg","contentUrl":"https:\/\/www.calfusterdetous.com\/wp-content\/uploads\/2026\/02\/Fineart149.jpg","width":2400,"height":1600},{"@type":"BreadcrumbList","@id":"https:\/\/www.calfusterdetous.com\/cal-fuster-de-la-placa-sobre-al-fineart-igualada-2026\/#breadcrumb","itemListElement":[{"@type":"ListItem","position":1,"name":"Portada","item":"https:\/\/www.calfusterdetous.com\/"},{"@type":"ListItem","position":2,"name":"Cal Fuster de la Pla\u00e7a s\u2019obre al FineArt Igualada 2026"}]},{"@type":"WebSite","@id":"https:\/\/www.calfusterdetous.com\/#website","url":"https:\/\/www.calfusterdetous.com\/","name":"Cal Fuster de la plaza","description":"Es una acogedora casa rural en Sant Mart\u00ed de Tous, ofreciendo cinco habitaciones \u00fanicas y espacios comunes llenos de historia y leyendas locales.","publisher":{"@id":"https:\/\/www.calfusterdetous.com\/#organization"},"potentialAction":[{"@type":"SearchAction","target":{"@type":"EntryPoint","urlTemplate":"https:\/\/www.calfusterdetous.com\/?s={search_term_string}"},"query-input":{"@type":"PropertyValueSpecification","valueRequired":true,"valueName":"search_term_string"}}],"inLanguage":"es"},{"@type":"Organization","@id":"https:\/\/www.calfusterdetous.com\/#organization","name":"Cal Fuster de la plaza","url":"https:\/\/www.calfusterdetous.com\/","logo":{"@type":"ImageObject","inLanguage":"es","@id":"https:\/\/www.calfusterdetous.com\/#\/schema\/logo\/image\/","url":"https:\/\/www.calfusterdetous.com\/wp-content\/uploads\/2020\/04\/Recurso-2@2x.png","contentUrl":"https:\/\/www.calfusterdetous.com\/wp-content\/uploads\/2020\/04\/Recurso-2@2x.png","width":441,"height":171,"caption":"Cal Fuster de la pla\u00e7a"},"image":{"@id":"https:\/\/www.calfusterdetous.com\/#\/schema\/logo\/image\/"}},{"@type":"Person","@id":"https:\/\/www.calfusterdetous.com\/#\/schema\/person\/7e88133b30365a368352e4b1632dfcbf","name":"miriam@hipo.tv","image":{"@type":"ImageObject","inLanguage":"es","@id":"https:\/\/secure.gravatar.com\/avatar\/be02b06539cf4bd0897e7b270832773daa8fa7279004b6f5b6d8c1b2ec3e4ffe?s=96&d=mm&r=g","url":"https:\/\/secure.gravatar.com\/avatar\/be02b06539cf4bd0897e7b270832773daa8fa7279004b6f5b6d8c1b2ec3e4ffe?s=96&d=mm&r=g","contentUrl":"https:\/\/secure.gravatar.com\/avatar\/be02b06539cf4bd0897e7b270832773daa8fa7279004b6f5b6d8c1b2ec3e4ffe?s=96&d=mm&r=g","caption":"miriam@hipo.tv"},"url":"https:\/\/www.calfusterdetous.com\/cast\/author\/miriamhipo-tv\/"}]}},"_links":{"self":[{"href":"https:\/\/www.calfusterdetous.com\/cast\/wp-json\/wp\/v2\/posts\/27629","targetHints":{"allow":["GET"]}}],"collection":[{"href":"https:\/\/www.calfusterdetous.com\/cast\/wp-json\/wp\/v2\/posts"}],"about":[{"href":"https:\/\/www.calfusterdetous.com\/cast\/wp-json\/wp\/v2\/types\/post"}],"author":[{"embeddable":true,"href":"https:\/\/www.calfusterdetous.com\/cast\/wp-json\/wp\/v2\/users\/3"}],"replies":[{"embeddable":true,"href":"https:\/\/www.calfusterdetous.com\/cast\/wp-json\/wp\/v2\/comments?post=27629"}],"version-history":[{"count":3,"href":"https:\/\/www.calfusterdetous.com\/cast\/wp-json\/wp\/v2\/posts\/27629\/revisions"}],"predecessor-version":[{"id":27691,"href":"https:\/\/www.calfusterdetous.com\/cast\/wp-json\/wp\/v2\/posts\/27629\/revisions\/27691"}],"wp:featuredmedia":[{"embeddable":true,"href":"https:\/\/www.calfusterdetous.com\/cast\/wp-json\/wp\/v2\/media\/27689"}],"wp:attachment":[{"href":"https:\/\/www.calfusterdetous.com\/cast\/wp-json\/wp\/v2\/media?parent=27629"}],"wp:term":[{"taxonomy":"category","embeddable":true,"href":"https:\/\/www.calfusterdetous.com\/cast\/wp-json\/wp\/v2\/categories?post=27629"},{"taxonomy":"post_tag","embeddable":true,"href":"https:\/\/www.calfusterdetous.com\/cast\/wp-json\/wp\/v2\/tags?post=27629"}],"curies":[{"name":"wp","href":"https:\/\/api.w.org\/{rel}","templated":true}]}}