{"id":27695,"date":"2026-03-17T17:19:28","date_gmt":"2026-03-17T17:19:28","guid":{"rendered":"https:\/\/www.calfusterdetous.com\/?p=27695"},"modified":"2026-03-17T17:23:39","modified_gmt":"2026-03-17T17:23:39","slug":"viu-la-mostra-i-allarga-lexperiencia","status":"publish","type":"post","link":"https:\/\/www.calfusterdetous.com\/cast\/viu-la-mostra-i-allarga-lexperiencia\/","title":{"rendered":"Vive La Mostra... y alarga la experiencia"},"content":{"rendered":"<p>Cada primavera, <a href=\"https:\/\/www.mostraigualada.cat\/\">Mostra Igualada<\/a> transforma la ciudad en un gran escenario abierto. Durante unos d\u00edas, calles, plazas y teatros se llenan de vida con espect\u00e1culos de teatro, circo, danza, m\u00fasica y propuestas sorprendentes para todos los p\u00fablicos. Una cita imprescindible que re\u00fane miles de espectadores y profesionales y convierte Igualada en el coraz\u00f3n de las artes esc\u00e9nicas del pa\u00eds<\/p>\n\n\n\n<p>Pero <a href=\"https:\/\/www.mostraigualada.cat\/\">La Mostra <\/a>no es solo un festival: es una experiencia que se vive mejor sin prisas<\/p>\n\n\n\n<p>En <strong>Cal Fuster de la Pla\u00e7a<\/strong> te invitamos a hacer una pausa, a quedarte, a hacer noche. A dejar que la cultura contin\u00fae m\u00e1s all\u00e1 de los escenarios. Despertarte con calma despu\u00e9s de un d\u00eda intenso de funciones, comentar los espect\u00e1culos, descubrir rincones, compartir momentos.<\/p>\n\n\n\n<p>Porqu\u00e9 vivir La Mostra tambi\u00e9n es:<br>- Perderte por las calles llenas de arte<br>- dejarte sorprender por propuestas inesperadas<br>- disfrutar del ritmo tranquilo de un pueblo con alma cultural<\/p>\n\n\n\n<p>Y, sobretodo, tener un sitio acogedor donde volver<\/p>\n\n\n\n<p>Durante los d\u00edas del festival (del 16 al 19 de abril de 2026), te proponemos convertir tu visita en una escapada cultural completa. Ven a disfrutar de La Muestra\u2026 y qu\u00e9date a vivirla de verdad.<\/p>\n\n\n\n<p><strong>Reserva tu estancia en Cal Fuster de la Pla\u00e7a y haz que la cultlura tambi\u00e9n forme parte de tu descanso<\/strong><\/p>\n\n\n\n\n\n<p><\/p>","protected":false},"excerpt":{"rendered":"<p>Cada primavera, Mostra Igualada transforma la ciutat en un gran escenari obert. Durant uns dies, carrers, places i teatres s\u2019omplen de vida amb espectacles de teatre, circ, dansa, m\u00fasica i propostes sorprenents per a tots els p\u00fablics. Una cita imprescindible [&hellip;]<\/p>\n","protected":false},"author":3,"featured_media":27699,"comment_status":"closed","ping_status":"closed","sticky":false,"template":"","format":"standard","meta":{"_monsterinsights_skip_tracking":false,"_monsterinsights_sitenote_active":false,"_monsterinsights_sitenote_note":"","_monsterinsights_sitenote_category":0,"footnotes":""},"categories":[210,237],"tags":[260,281,287,288],"class_list":["post-27695","post","type-post","status-publish","format-standard","has-post-thumbnail","hentry","category-blog","category-noticies","tag-anoia","tag-igualada","tag-mostra-igualada","tag-turisme-rural"],"yoast_head":"<!-- This site is optimized with the Yoast SEO plugin v27.4 - https:\/\/yoast.com\/product\/yoast-seo-wordpress\/ -->\n<title>Viu La Mostra\u2026 i allarga l\u2019experi\u00e8ncia - Cal Fuster de la pla\u00e7a<\/title>\n<meta name=\"description\" content=\"Viu La Mostra Igualada i allotja\u2019t a Cal Fuster de la Pla\u00e7a. Gaudeix del festival i descansa en una casa rural amb encant.\" \/>\n<meta name=\"robots\" content=\"index, follow, max-snippet:-1, max-image-preview:large, max-video-preview:-1\" \/>\n<link rel=\"canonical\" href=\"https:\/\/www.calfusterdetous.com\/cast\/viu-la-mostra-i-allarga-lexperiencia\/\" \/>\n<meta property=\"og:locale\" content=\"es_ES\" \/>\n<meta property=\"og:type\" content=\"article\" \/>\n<meta property=\"og:title\" content=\"Viu La Mostra\u2026 i allarga l\u2019experi\u00e8ncia - Cal Fuster de la pla\u00e7a\" \/>\n<meta property=\"og:description\" content=\"Viu La Mostra Igualada i allotja\u2019t a Cal Fuster de la Pla\u00e7a. Gaudeix del festival i descansa en una casa rural amb encant.\" \/>\n<meta property=\"og:url\" content=\"https:\/\/www.calfusterdetous.com\/cast\/viu-la-mostra-i-allarga-lexperiencia\/\" \/>\n<meta property=\"og:site_name\" content=\"Cal Fuster de la pla\u00e7a\" \/>\n<meta property=\"article:published_time\" content=\"2026-03-17T17:19:28+00:00\" \/>\n<meta property=\"article:modified_time\" content=\"2026-03-17T17:23:39+00:00\" \/>\n<meta property=\"og:image\" content=\"https:\/\/www.calfusterdetous.com\/wp-content\/uploads\/2026\/03\/cartell-mostra-logos2026.png_410792385.png\" \/>\n\t<meta property=\"og:image:width\" content=\"832\" \/>\n\t<meta property=\"og:image:height\" content=\"504\" \/>\n\t<meta property=\"og:image:type\" content=\"image\/png\" \/>\n<meta name=\"author\" content=\"miriam@hipo.tv\" \/>\n<meta name=\"twitter:card\" content=\"summary_large_image\" \/>\n<meta name=\"twitter:label1\" content=\"Escrito por\" \/>\n\t<meta name=\"twitter:data1\" content=\"miriam@hipo.tv\" \/>\n\t<meta name=\"twitter:label2\" content=\"Tiempo de lectura\" \/>\n\t<meta name=\"twitter:data2\" content=\"2 minutos\" \/>\n<script type=\"application\/ld+json\" class=\"yoast-schema-graph\">{\"@context\":\"https:\\\/\\\/schema.org\",\"@graph\":[{\"@type\":\"Article\",\"@id\":\"https:\\\/\\\/www.calfusterdetous.com\\\/viu-la-mostra-i-allarga-lexperiencia\\\/#article\",\"isPartOf\":{\"@id\":\"https:\\\/\\\/www.calfusterdetous.com\\\/viu-la-mostra-i-allarga-lexperiencia\\\/\"},\"author\":{\"name\":\"miriam@hipo.tv\",\"@id\":\"https:\\\/\\\/www.calfusterdetous.com\\\/#\\\/schema\\\/person\\\/7e88133b30365a368352e4b1632dfcbf\"},\"headline\":\"Viu La Mostra\u2026 i allarga l\u2019experi\u00e8ncia\",\"datePublished\":\"2026-03-17T17:19:28+00:00\",\"dateModified\":\"2026-03-17T17:23:39+00:00\",\"mainEntityOfPage\":{\"@id\":\"https:\\\/\\\/www.calfusterdetous.com\\\/viu-la-mostra-i-allarga-lexperiencia\\\/\"},\"wordCount\":230,\"publisher\":{\"@id\":\"https:\\\/\\\/www.calfusterdetous.com\\\/#organization\"},\"image\":{\"@id\":\"https:\\\/\\\/www.calfusterdetous.com\\\/viu-la-mostra-i-allarga-lexperiencia\\\/#primaryimage\"},\"thumbnailUrl\":\"https:\\\/\\\/www.calfusterdetous.com\\\/wp-content\\\/uploads\\\/2026\\\/03\\\/cartell-mostra-logos2026.png_410792385.png\",\"keywords\":[\"Anoia\",\"Igualada\",\"Mostra Igualada\",\"turisme rural\"],\"articleSection\":[\"Blog\",\"Not\u00edcies\"],\"inLanguage\":\"es\"},{\"@type\":\"WebPage\",\"@id\":\"https:\\\/\\\/www.calfusterdetous.com\\\/viu-la-mostra-i-allarga-lexperiencia\\\/\",\"url\":\"https:\\\/\\\/www.calfusterdetous.com\\\/viu-la-mostra-i-allarga-lexperiencia\\\/\",\"name\":\"Viu La Mostra\u2026 i allarga l\u2019experi\u00e8ncia - Cal Fuster de la pla\u00e7a\",\"isPartOf\":{\"@id\":\"https:\\\/\\\/www.calfusterdetous.com\\\/#website\"},\"primaryImageOfPage\":{\"@id\":\"https:\\\/\\\/www.calfusterdetous.com\\\/viu-la-mostra-i-allarga-lexperiencia\\\/#primaryimage\"},\"image\":{\"@id\":\"https:\\\/\\\/www.calfusterdetous.com\\\/viu-la-mostra-i-allarga-lexperiencia\\\/#primaryimage\"},\"thumbnailUrl\":\"https:\\\/\\\/www.calfusterdetous.com\\\/wp-content\\\/uploads\\\/2026\\\/03\\\/cartell-mostra-logos2026.png_410792385.png\",\"datePublished\":\"2026-03-17T17:19:28+00:00\",\"dateModified\":\"2026-03-17T17:23:39+00:00\",\"description\":\"Viu La Mostra Igualada i allotja\u2019t a Cal Fuster de la Pla\u00e7a. Gaudeix del festival i descansa en una casa rural amb encant.\",\"breadcrumb\":{\"@id\":\"https:\\\/\\\/www.calfusterdetous.com\\\/viu-la-mostra-i-allarga-lexperiencia\\\/#breadcrumb\"},\"inLanguage\":\"es\",\"potentialAction\":[{\"@type\":\"ReadAction\",\"target\":[\"https:\\\/\\\/www.calfusterdetous.com\\\/viu-la-mostra-i-allarga-lexperiencia\\\/\"]}]},{\"@type\":\"ImageObject\",\"inLanguage\":\"es\",\"@id\":\"https:\\\/\\\/www.calfusterdetous.com\\\/viu-la-mostra-i-allarga-lexperiencia\\\/#primaryimage\",\"url\":\"https:\\\/\\\/www.calfusterdetous.com\\\/wp-content\\\/uploads\\\/2026\\\/03\\\/cartell-mostra-logos2026.png_410792385.png\",\"contentUrl\":\"https:\\\/\\\/www.calfusterdetous.com\\\/wp-content\\\/uploads\\\/2026\\\/03\\\/cartell-mostra-logos2026.png_410792385.png\",\"width\":832,\"height\":504},{\"@type\":\"BreadcrumbList\",\"@id\":\"https:\\\/\\\/www.calfusterdetous.com\\\/viu-la-mostra-i-allarga-lexperiencia\\\/#breadcrumb\",\"itemListElement\":[{\"@type\":\"ListItem\",\"position\":1,\"name\":\"Portada\",\"item\":\"https:\\\/\\\/www.calfusterdetous.com\\\/\"},{\"@type\":\"ListItem\",\"position\":2,\"name\":\"Viu La Mostra\u2026 i allarga l\u2019experi\u00e8ncia\"}]},{\"@type\":\"WebSite\",\"@id\":\"https:\\\/\\\/www.calfusterdetous.com\\\/#website\",\"url\":\"https:\\\/\\\/www.calfusterdetous.com\\\/\",\"name\":\"Cal Fuster de la pla\u00e7a\",\"description\":\"Es una acogedora casa rural en Sant Mart\u00ed de Tous, ofreciendo cinco habitaciones \u00fanicas y espacios comunes llenos de historia y leyendas locales. \",\"publisher\":{\"@id\":\"https:\\\/\\\/www.calfusterdetous.com\\\/#organization\"},\"potentialAction\":[{\"@type\":\"SearchAction\",\"target\":{\"@type\":\"EntryPoint\",\"urlTemplate\":\"https:\\\/\\\/www.calfusterdetous.com\\\/?s={search_term_string}\"},\"query-input\":{\"@type\":\"PropertyValueSpecification\",\"valueRequired\":true,\"valueName\":\"search_term_string\"}}],\"inLanguage\":\"es\"},{\"@type\":\"Organization\",\"@id\":\"https:\\\/\\\/www.calfusterdetous.com\\\/#organization\",\"name\":\"Cal Fuster de la pla\u00e7a\",\"url\":\"https:\\\/\\\/www.calfusterdetous.com\\\/\",\"logo\":{\"@type\":\"ImageObject\",\"inLanguage\":\"es\",\"@id\":\"https:\\\/\\\/www.calfusterdetous.com\\\/#\\\/schema\\\/logo\\\/image\\\/\",\"url\":\"https:\\\/\\\/www.calfusterdetous.com\\\/wp-content\\\/uploads\\\/2020\\\/04\\\/Recurso-2@2x.png\",\"contentUrl\":\"https:\\\/\\\/www.calfusterdetous.com\\\/wp-content\\\/uploads\\\/2020\\\/04\\\/Recurso-2@2x.png\",\"width\":441,\"height\":171,\"caption\":\"Cal Fuster de la pla\u00e7a\"},\"image\":{\"@id\":\"https:\\\/\\\/www.calfusterdetous.com\\\/#\\\/schema\\\/logo\\\/image\\\/\"}},{\"@type\":\"Person\",\"@id\":\"https:\\\/\\\/www.calfusterdetous.com\\\/#\\\/schema\\\/person\\\/7e88133b30365a368352e4b1632dfcbf\",\"name\":\"miriam@hipo.tv\",\"image\":{\"@type\":\"ImageObject\",\"inLanguage\":\"es\",\"@id\":\"https:\\\/\\\/secure.gravatar.com\\\/avatar\\\/be02b06539cf4bd0897e7b270832773daa8fa7279004b6f5b6d8c1b2ec3e4ffe?s=96&d=mm&r=g\",\"url\":\"https:\\\/\\\/secure.gravatar.com\\\/avatar\\\/be02b06539cf4bd0897e7b270832773daa8fa7279004b6f5b6d8c1b2ec3e4ffe?s=96&d=mm&r=g\",\"contentUrl\":\"https:\\\/\\\/secure.gravatar.com\\\/avatar\\\/be02b06539cf4bd0897e7b270832773daa8fa7279004b6f5b6d8c1b2ec3e4ffe?s=96&d=mm&r=g\",\"caption\":\"miriam@hipo.tv\"},\"url\":\"https:\\\/\\\/www.calfusterdetous.com\\\/cast\\\/author\\\/miriamhipo-tv\\\/\"}]}<\/script>\n<!-- \/ Yoast SEO plugin. -->","yoast_head_json":{"title":"Viu La Mostra\u2026 i allarga l\u2019experi\u00e8ncia - Cal Fuster de la pla\u00e7a","description":"Viu La Mostra Igualada i allotja\u2019t a Cal Fuster de la Pla\u00e7a. Gaudeix del festival i descansa en una casa rural amb encant.","robots":{"index":"index","follow":"follow","max-snippet":"max-snippet:-1","max-image-preview":"max-image-preview:large","max-video-preview":"max-video-preview:-1"},"canonical":"https:\/\/www.calfusterdetous.com\/cast\/viu-la-mostra-i-allarga-lexperiencia\/","og_locale":"es_ES","og_type":"article","og_title":"Viu La Mostra\u2026 i allarga l\u2019experi\u00e8ncia - Cal Fuster de la pla\u00e7a","og_description":"Viu La Mostra Igualada i allotja\u2019t a Cal Fuster de la Pla\u00e7a. Gaudeix del festival i descansa en una casa rural amb encant.","og_url":"https:\/\/www.calfusterdetous.com\/cast\/viu-la-mostra-i-allarga-lexperiencia\/","og_site_name":"Cal Fuster de la pla\u00e7a","article_published_time":"2026-03-17T17:19:28+00:00","article_modified_time":"2026-03-17T17:23:39+00:00","og_image":[{"width":832,"height":504,"url":"https:\/\/www.calfusterdetous.com\/wp-content\/uploads\/2026\/03\/cartell-mostra-logos2026.png_410792385.png","type":"image\/png"}],"author":"miriam@hipo.tv","twitter_card":"summary_large_image","twitter_misc":{"Escrito por":"miriam@hipo.tv","Tiempo de lectura":"2 minutos"},"schema":{"@context":"https:\/\/schema.org","@graph":[{"@type":"Article","@id":"https:\/\/www.calfusterdetous.com\/viu-la-mostra-i-allarga-lexperiencia\/#article","isPartOf":{"@id":"https:\/\/www.calfusterdetous.com\/viu-la-mostra-i-allarga-lexperiencia\/"},"author":{"name":"miriam@hipo.tv","@id":"https:\/\/www.calfusterdetous.com\/#\/schema\/person\/7e88133b30365a368352e4b1632dfcbf"},"headline":"Viu La Mostra\u2026 i allarga l\u2019experi\u00e8ncia","datePublished":"2026-03-17T17:19:28+00:00","dateModified":"2026-03-17T17:23:39+00:00","mainEntityOfPage":{"@id":"https:\/\/www.calfusterdetous.com\/viu-la-mostra-i-allarga-lexperiencia\/"},"wordCount":230,"publisher":{"@id":"https:\/\/www.calfusterdetous.com\/#organization"},"image":{"@id":"https:\/\/www.calfusterdetous.com\/viu-la-mostra-i-allarga-lexperiencia\/#primaryimage"},"thumbnailUrl":"https:\/\/www.calfusterdetous.com\/wp-content\/uploads\/2026\/03\/cartell-mostra-logos2026.png_410792385.png","keywords":["Anoia","Igualada","Mostra Igualada","turisme rural"],"articleSection":["Blog","Not\u00edcies"],"inLanguage":"es"},{"@type":"WebPage","@id":"https:\/\/www.calfusterdetous.com\/viu-la-mostra-i-allarga-lexperiencia\/","url":"https:\/\/www.calfusterdetous.com\/viu-la-mostra-i-allarga-lexperiencia\/","name":"Viu La Mostra\u2026 i allarga l\u2019experi\u00e8ncia - Cal Fuster de la pla\u00e7a","isPartOf":{"@id":"https:\/\/www.calfusterdetous.com\/#website"},"primaryImageOfPage":{"@id":"https:\/\/www.calfusterdetous.com\/viu-la-mostra-i-allarga-lexperiencia\/#primaryimage"},"image":{"@id":"https:\/\/www.calfusterdetous.com\/viu-la-mostra-i-allarga-lexperiencia\/#primaryimage"},"thumbnailUrl":"https:\/\/www.calfusterdetous.com\/wp-content\/uploads\/2026\/03\/cartell-mostra-logos2026.png_410792385.png","datePublished":"2026-03-17T17:19:28+00:00","dateModified":"2026-03-17T17:23:39+00:00","description":"Viu La Mostra Igualada i allotja\u2019t a Cal Fuster de la Pla\u00e7a. Gaudeix del festival i descansa en una casa rural amb encant.","breadcrumb":{"@id":"https:\/\/www.calfusterdetous.com\/viu-la-mostra-i-allarga-lexperiencia\/#breadcrumb"},"inLanguage":"es","potentialAction":[{"@type":"ReadAction","target":["https:\/\/www.calfusterdetous.com\/viu-la-mostra-i-allarga-lexperiencia\/"]}]},{"@type":"ImageObject","inLanguage":"es","@id":"https:\/\/www.calfusterdetous.com\/viu-la-mostra-i-allarga-lexperiencia\/#primaryimage","url":"https:\/\/www.calfusterdetous.com\/wp-content\/uploads\/2026\/03\/cartell-mostra-logos2026.png_410792385.png","contentUrl":"https:\/\/www.calfusterdetous.com\/wp-content\/uploads\/2026\/03\/cartell-mostra-logos2026.png_410792385.png","width":832,"height":504},{"@type":"BreadcrumbList","@id":"https:\/\/www.calfusterdetous.com\/viu-la-mostra-i-allarga-lexperiencia\/#breadcrumb","itemListElement":[{"@type":"ListItem","position":1,"name":"Portada","item":"https:\/\/www.calfusterdetous.com\/"},{"@type":"ListItem","position":2,"name":"Viu La Mostra\u2026 i allarga l\u2019experi\u00e8ncia"}]},{"@type":"WebSite","@id":"https:\/\/www.calfusterdetous.com\/#website","url":"https:\/\/www.calfusterdetous.com\/","name":"Cal Fuster de la plaza","description":"Es una acogedora casa rural en Sant Mart\u00ed de Tous, ofreciendo cinco habitaciones \u00fanicas y espacios comunes llenos de historia y leyendas locales.","publisher":{"@id":"https:\/\/www.calfusterdetous.com\/#organization"},"potentialAction":[{"@type":"SearchAction","target":{"@type":"EntryPoint","urlTemplate":"https:\/\/www.calfusterdetous.com\/?s={search_term_string}"},"query-input":{"@type":"PropertyValueSpecification","valueRequired":true,"valueName":"search_term_string"}}],"inLanguage":"es"},{"@type":"Organization","@id":"https:\/\/www.calfusterdetous.com\/#organization","name":"Cal Fuster de la plaza","url":"https:\/\/www.calfusterdetous.com\/","logo":{"@type":"ImageObject","inLanguage":"es","@id":"https:\/\/www.calfusterdetous.com\/#\/schema\/logo\/image\/","url":"https:\/\/www.calfusterdetous.com\/wp-content\/uploads\/2020\/04\/Recurso-2@2x.png","contentUrl":"https:\/\/www.calfusterdetous.com\/wp-content\/uploads\/2020\/04\/Recurso-2@2x.png","width":441,"height":171,"caption":"Cal Fuster de la pla\u00e7a"},"image":{"@id":"https:\/\/www.calfusterdetous.com\/#\/schema\/logo\/image\/"}},{"@type":"Person","@id":"https:\/\/www.calfusterdetous.com\/#\/schema\/person\/7e88133b30365a368352e4b1632dfcbf","name":"miriam@hipo.tv","image":{"@type":"ImageObject","inLanguage":"es","@id":"https:\/\/secure.gravatar.com\/avatar\/be02b06539cf4bd0897e7b270832773daa8fa7279004b6f5b6d8c1b2ec3e4ffe?s=96&d=mm&r=g","url":"https:\/\/secure.gravatar.com\/avatar\/be02b06539cf4bd0897e7b270832773daa8fa7279004b6f5b6d8c1b2ec3e4ffe?s=96&d=mm&r=g","contentUrl":"https:\/\/secure.gravatar.com\/avatar\/be02b06539cf4bd0897e7b270832773daa8fa7279004b6f5b6d8c1b2ec3e4ffe?s=96&d=mm&r=g","caption":"miriam@hipo.tv"},"url":"https:\/\/www.calfusterdetous.com\/cast\/author\/miriamhipo-tv\/"}]}},"_links":{"self":[{"href":"https:\/\/www.calfusterdetous.com\/cast\/wp-json\/wp\/v2\/posts\/27695","targetHints":{"allow":["GET"]}}],"collection":[{"href":"https:\/\/www.calfusterdetous.com\/cast\/wp-json\/wp\/v2\/posts"}],"about":[{"href":"https:\/\/www.calfusterdetous.com\/cast\/wp-json\/wp\/v2\/types\/post"}],"author":[{"embeddable":true,"href":"https:\/\/www.calfusterdetous.com\/cast\/wp-json\/wp\/v2\/users\/3"}],"replies":[{"embeddable":true,"href":"https:\/\/www.calfusterdetous.com\/cast\/wp-json\/wp\/v2\/comments?post=27695"}],"version-history":[{"count":2,"href":"https:\/\/www.calfusterdetous.com\/cast\/wp-json\/wp\/v2\/posts\/27695\/revisions"}],"predecessor-version":[{"id":27698,"href":"https:\/\/www.calfusterdetous.com\/cast\/wp-json\/wp\/v2\/posts\/27695\/revisions\/27698"}],"wp:featuredmedia":[{"embeddable":true,"href":"https:\/\/www.calfusterdetous.com\/cast\/wp-json\/wp\/v2\/media\/27699"}],"wp:attachment":[{"href":"https:\/\/www.calfusterdetous.com\/cast\/wp-json\/wp\/v2\/media?parent=27695"}],"wp:term":[{"taxonomy":"category","embeddable":true,"href":"https:\/\/www.calfusterdetous.com\/cast\/wp-json\/wp\/v2\/categories?post=27695"},{"taxonomy":"post_tag","embeddable":true,"href":"https:\/\/www.calfusterdetous.com\/cast\/wp-json\/wp\/v2\/tags?post=27695"}],"curies":[{"name":"wp","href":"https:\/\/api.w.org\/{rel}","templated":true}]}}