{"id":27867,"date":"2026-09-01T12:14:53","date_gmt":"2026-09-01T12:14:53","guid":{"rendered":"https:\/\/www.calfusterdetous.com\/?p=27867"},"modified":"2026-09-01T12:16:57","modified_gmt":"2026-09-01T12:16:57","slug":"firanoia-2026-artesania-comerc-i-tradicio-al-cor-de-lanoia","status":"publish","type":"post","link":"https:\/\/www.calfusterdetous.com\/cast\/firanoia-2026-artesania-comerc-i-tradicio-al-cor-de-lanoia\/","title":{"rendered":"FirAnoia 2026: artesan\u00eda, comercio y tradici\u00f3n en el coraz\u00f3n de la comarca de la Anoia"},"content":{"rendered":"<p class=\"wp-block-paragraph translation-block\">Si tienes ganas de hacer una escapada a la Anoia este septiembre, FirAnoia es una de aquellas citas que merece la pena tener a la agenda. Los d\u00edas 18, 19 y 20 de septiembre de 2026, Igualada acoge la 73.\u00aa edici\u00f3n de la Feria Multisectorial de la Catalu\u00f1a Central, un gran escaparate del comercio, la cultura y la vida social de la comarca.<\/p>\n\n\n\n<p class=\"wp-block-paragraph translation-block\">Durante todo el fin de semana, el Paseo Verdaguer y la Plaza de Cal Font se convertir\u00e1n en un punto de encuentro para descubrir una gran variedad de propuestas a trav\u00e9s de las diferentes ferias que forman FirAnoia: la multisectorial, la automoci\u00f3n, la artesan\u00eda y las entidades.<\/p>\n\n\n\n<h3 class=\"wp-block-heading\">Una edici\u00f3n dedicada a los oficios y la artesan\u00eda local<\/h3>\n\n\n\n<p class=\"wp-block-paragraph\">Este 2026, FirAnoia pone especialmente el foco en los <strong>oficos y la artesan\u00eda local<\/strong>, reivindicando el valor de los artesanos, los productores y las tradicioens del territorio.<\/p>\n\n\n\n<p class=\"wp-block-paragraph\">Una oportunidad para conocer de cerca proyectos, productos y oficios que forman parte del patrimonio de la comarca y que, a la vez, tienen un papel importante en su futuro.<\/p>\n\n\n\n<h3 class=\"wp-block-heading\">Una buena excusa para descubrir la Anoia<\/h3>\n\n\n\n<p class=\"wp-block-paragraph\">Visitar FirAnoia puede ser tambi\u00e9n el punto de partida para disfrutar de un fin de semana en la Anoia. Despu\u00e9s de pasear por los estands y descubrir las propuestas de la feria, pod\u00e9is aprovechar la estancia para conocer <strong>Igualada y los municipios de alrededor<\/strong>, disfrutar de la gastronom\u00eda loca o descbrir algunos de los paisajes y caminos de la comarca.<\/p>\n\n\n\n<p class=\"wp-block-paragraph\">Y si buscas un sitio tranquilo donde alojarte, <strong>Cal Fuster de la Pla\u00e7a<\/strong>, Sant Mart\u00ed de Tous, es una opci\u00f3n ideal para combinar la visia a la feria con unos d\u00edas de descanso en un entorno rural.<\/p>\n\n\n\n<h3 class=\"wp-block-heading\">\ud83d\udcc5 FirAnoia 2026<\/h3>\n\n\n\n<p class=\"wp-block-paragraph\"><strong>18, 19 i 20 de septiembre de 2026<\/strong><br>\ud83d\udccd Passeig Verdaguer y Pla\u00e7a de Cal Font \u00b7 Igualada<\/p>\n\n\n\n<p class=\"wp-block-paragraph\"><strong>Horarios:<\/strong><\/p>\n\n\n\n<ul class=\"wp-block-list\">\n<li class=\"translation-block\"><strong>Viernes:<\/strong> de 17 a 21 h<\/li>\n\n\n\n<li class=\"translation-block\"><strong>S\u00e1bado:<\/strong> de 10 a 14.30 h i de 17 a 21 h<\/li>\n\n\n\n<li class=\"translation-block\"><strong>Domingo:<\/strong> de 10 a 14.30 h i de 17 a 20 h<\/li>\n<\/ul>\n\n\n\n<p class=\"wp-block-paragraph\">Si todav\u00eda no conoces FirAnoia, este septiembre puede ser un buen momento para descubrirla y, de , regalarte una escapada por la Anoia.<\/p>","protected":false},"excerpt":{"rendered":"<p>Si tens ganes de fer una escapada a l\u2019Anoia aquest setembre, FirAnoia \u00e9s una d\u2019aquelles cites que val la pena tenir a l\u2019agenda. Els dies 18, 19 i 20 de setembre de 2026, Igualada acull la 73a edici\u00f3 de la [&hellip;]<\/p>\n","protected":false},"author":3,"featured_media":27869,"comment_status":"closed","ping_status":"closed","sticky":false,"template":"","format":"standard","meta":{"_monsterinsights_skip_tracking":false,"footnotes":""},"categories":[210,237],"tags":[284,281,239,259],"class_list":["post-27867","post","type-post","status-publish","format-standard","has-post-thumbnail","hentry","category-blog","category-noticies","tag-firanoia","tag-igualada","tag-sant-marti-de-tous","tag-turismerural"],"yoast_head":"<!-- This site is optimized with the Yoast SEO plugin v27.7 - https:\/\/yoast.com\/product\/yoast-seo-wordpress\/ -->\n<title>FirAnoia 2026: artesania, comer\u00e7 i tradici\u00f3 al cor de l\u2019Anoia - Cal Fuster de la pla\u00e7a<\/title>\n<meta name=\"description\" content=\"Del 6 al 9 de maig, Igualada torna a convertir-se en l\u2019epicentre de la moda, la creativitat i la cultura amb una nova edici\u00f3 del Rec.0. Durant aquests dies, el barri del Rec es transforma en un gran espai de shopping \u00fanic, on antics espais industrials obren les seves portes per acollir marques de moda, dissenyadors, pop-up stores i propostes gastron\u00f2miques irresistibles.\" \/>\n<meta name=\"robots\" content=\"index, follow, max-snippet:-1, max-image-preview:large, max-video-preview:-1\" \/>\n<link rel=\"canonical\" href=\"https:\/\/www.calfusterdetous.com\/cast\/firanoia-2026-artesania-comerc-i-tradicio-al-cor-de-lanoia\/\" \/>\n<meta property=\"og:locale\" content=\"es_ES\" \/>\n<meta property=\"og:type\" content=\"article\" \/>\n<meta property=\"og:title\" content=\"FirAnoia 2026: artesania, comer\u00e7 i tradici\u00f3 al cor de l\u2019Anoia - Cal Fuster de la pla\u00e7a\" \/>\n<meta property=\"og:description\" content=\"Del 6 al 9 de maig, Igualada torna a convertir-se en l\u2019epicentre de la moda, la creativitat i la cultura amb una nova edici\u00f3 del Rec.0. Durant aquests dies, el barri del Rec es transforma en un gran espai de shopping \u00fanic, on antics espais industrials obren les seves portes per acollir marques de moda, dissenyadors, pop-up stores i propostes gastron\u00f2miques irresistibles.\" \/>\n<meta property=\"og:url\" content=\"https:\/\/www.calfusterdetous.com\/cast\/firanoia-2026-artesania-comerc-i-tradicio-al-cor-de-lanoia\/\" \/>\n<meta property=\"og:site_name\" content=\"Cal Fuster de la pla\u00e7a\" \/>\n<meta property=\"article:published_time\" content=\"2026-09-01T12:14:53+00:00\" \/>\n<meta property=\"article:modified_time\" content=\"2026-09-01T12:16:57+00:00\" \/>\n<meta property=\"og:image\" content=\"https:\/\/www.calfusterdetous.com\/wp-content\/uploads\/2026\/09\/WhatsApp-Image-2026-09-01-at-14.10.47-e1788265003554.jpeg\" \/>\n\t<meta property=\"og:image:width\" content=\"1204\" \/>\n\t<meta property=\"og:image:height\" content=\"870\" \/>\n\t<meta property=\"og:image:type\" content=\"image\/jpeg\" \/>\n<meta name=\"author\" content=\"miriam@hipo.tv\" \/>\n<meta name=\"twitter:card\" content=\"summary_large_image\" \/>\n<meta name=\"twitter:label1\" content=\"Escrito por\" \/>\n\t<meta name=\"twitter:data1\" content=\"miriam@hipo.tv\" \/>\n\t<meta name=\"twitter:label2\" content=\"Tiempo de lectura\" \/>\n\t<meta name=\"twitter:data2\" content=\"2 minutos\" \/>\n<script type=\"application\/ld+json\" class=\"yoast-schema-graph\">{\"@context\":\"https:\\\/\\\/schema.org\",\"@graph\":[{\"@type\":\"Article\",\"@id\":\"https:\\\/\\\/www.calfusterdetous.com\\\/firanoia-2026-artesania-comerc-i-tradicio-al-cor-de-lanoia\\\/#article\",\"isPartOf\":{\"@id\":\"https:\\\/\\\/www.calfusterdetous.com\\\/firanoia-2026-artesania-comerc-i-tradicio-al-cor-de-lanoia\\\/\"},\"author\":{\"name\":\"miriam@hipo.tv\",\"@id\":\"https:\\\/\\\/www.calfusterdetous.com\\\/#\\\/schema\\\/person\\\/7e88133b30365a368352e4b1632dfcbf\"},\"headline\":\"FirAnoia 2026: artesania, comer\u00e7 i tradici\u00f3 al cor de l\u2019Anoia\",\"datePublished\":\"2026-09-01T12:14:53+00:00\",\"dateModified\":\"2026-09-01T12:16:57+00:00\",\"mainEntityOfPage\":{\"@id\":\"https:\\\/\\\/www.calfusterdetous.com\\\/firanoia-2026-artesania-comerc-i-tradicio-al-cor-de-lanoia\\\/\"},\"wordCount\":347,\"publisher\":{\"@id\":\"https:\\\/\\\/www.calfusterdetous.com\\\/#organization\"},\"image\":{\"@id\":\"https:\\\/\\\/www.calfusterdetous.com\\\/firanoia-2026-artesania-comerc-i-tradicio-al-cor-de-lanoia\\\/#primaryimage\"},\"thumbnailUrl\":\"https:\\\/\\\/www.calfusterdetous.com\\\/wp-content\\\/uploads\\\/2026\\\/09\\\/WhatsApp-Image-2026-09-01-at-14.10.47-e1788265003554.jpeg\",\"keywords\":[\"FirAnoia\",\"Igualada\",\"Sant Mart\u00ed de Tous\",\"turismerural\"],\"articleSection\":[\"Blog\",\"Not\u00edcies\"],\"inLanguage\":\"es\"},{\"@type\":\"WebPage\",\"@id\":\"https:\\\/\\\/www.calfusterdetous.com\\\/firanoia-2026-artesania-comerc-i-tradicio-al-cor-de-lanoia\\\/\",\"url\":\"https:\\\/\\\/www.calfusterdetous.com\\\/firanoia-2026-artesania-comerc-i-tradicio-al-cor-de-lanoia\\\/\",\"name\":\"FirAnoia 2026: artesania, comer\u00e7 i tradici\u00f3 al cor de l\u2019Anoia - Cal Fuster de la pla\u00e7a\",\"isPartOf\":{\"@id\":\"https:\\\/\\\/www.calfusterdetous.com\\\/#website\"},\"primaryImageOfPage\":{\"@id\":\"https:\\\/\\\/www.calfusterdetous.com\\\/firanoia-2026-artesania-comerc-i-tradicio-al-cor-de-lanoia\\\/#primaryimage\"},\"image\":{\"@id\":\"https:\\\/\\\/www.calfusterdetous.com\\\/firanoia-2026-artesania-comerc-i-tradicio-al-cor-de-lanoia\\\/#primaryimage\"},\"thumbnailUrl\":\"https:\\\/\\\/www.calfusterdetous.com\\\/wp-content\\\/uploads\\\/2026\\\/09\\\/WhatsApp-Image-2026-09-01-at-14.10.47-e1788265003554.jpeg\",\"datePublished\":\"2026-09-01T12:14:53+00:00\",\"dateModified\":\"2026-09-01T12:16:57+00:00\",\"description\":\"Del 6 al 9 de maig, Igualada torna a convertir-se en l\u2019epicentre de la moda, la creativitat i la cultura amb una nova edici\u00f3 del Rec.0. Durant aquests dies, el barri del Rec es transforma en un gran espai de shopping \u00fanic, on antics espais industrials obren les seves portes per acollir marques de moda, dissenyadors, pop-up stores i propostes gastron\u00f2miques irresistibles.\",\"breadcrumb\":{\"@id\":\"https:\\\/\\\/www.calfusterdetous.com\\\/firanoia-2026-artesania-comerc-i-tradicio-al-cor-de-lanoia\\\/#breadcrumb\"},\"inLanguage\":\"es\",\"potentialAction\":[{\"@type\":\"ReadAction\",\"target\":[\"https:\\\/\\\/www.calfusterdetous.com\\\/firanoia-2026-artesania-comerc-i-tradicio-al-cor-de-lanoia\\\/\"]}]},{\"@type\":\"ImageObject\",\"inLanguage\":\"es\",\"@id\":\"https:\\\/\\\/www.calfusterdetous.com\\\/firanoia-2026-artesania-comerc-i-tradicio-al-cor-de-lanoia\\\/#primaryimage\",\"url\":\"https:\\\/\\\/www.calfusterdetous.com\\\/wp-content\\\/uploads\\\/2026\\\/09\\\/WhatsApp-Image-2026-09-01-at-14.10.47-e1788265003554.jpeg\",\"contentUrl\":\"https:\\\/\\\/www.calfusterdetous.com\\\/wp-content\\\/uploads\\\/2026\\\/09\\\/WhatsApp-Image-2026-09-01-at-14.10.47-e1788265003554.jpeg\",\"width\":1204,\"height\":870},{\"@type\":\"BreadcrumbList\",\"@id\":\"https:\\\/\\\/www.calfusterdetous.com\\\/firanoia-2026-artesania-comerc-i-tradicio-al-cor-de-lanoia\\\/#breadcrumb\",\"itemListElement\":[{\"@type\":\"ListItem\",\"position\":1,\"name\":\"Portada\",\"item\":\"https:\\\/\\\/www.calfusterdetous.com\\\/\"},{\"@type\":\"ListItem\",\"position\":2,\"name\":\"FirAnoia 2026: artesania, comer\u00e7 i tradici\u00f3 al cor de l\u2019Anoia\"}]},{\"@type\":\"WebSite\",\"@id\":\"https:\\\/\\\/www.calfusterdetous.com\\\/#website\",\"url\":\"https:\\\/\\\/www.calfusterdetous.com\\\/\",\"name\":\"Cal Fuster de la pla\u00e7a\",\"description\":\"Es una acogedora casa rural en Sant Mart\u00ed de Tous, ofreciendo cinco habitaciones \u00fanicas y espacios comunes llenos de historia y leyendas locales. \",\"publisher\":{\"@id\":\"https:\\\/\\\/www.calfusterdetous.com\\\/#organization\"},\"potentialAction\":[{\"@type\":\"SearchAction\",\"target\":{\"@type\":\"EntryPoint\",\"urlTemplate\":\"https:\\\/\\\/www.calfusterdetous.com\\\/?s={search_term_string}\"},\"query-input\":{\"@type\":\"PropertyValueSpecification\",\"valueRequired\":true,\"valueName\":\"search_term_string\"}}],\"inLanguage\":\"es\"},{\"@type\":\"Organization\",\"@id\":\"https:\\\/\\\/www.calfusterdetous.com\\\/#organization\",\"name\":\"Cal Fuster de la pla\u00e7a\",\"url\":\"https:\\\/\\\/www.calfusterdetous.com\\\/\",\"logo\":{\"@type\":\"ImageObject\",\"inLanguage\":\"es\",\"@id\":\"https:\\\/\\\/www.calfusterdetous.com\\\/#\\\/schema\\\/logo\\\/image\\\/\",\"url\":\"https:\\\/\\\/www.calfusterdetous.com\\\/wp-content\\\/uploads\\\/2020\\\/04\\\/Recurso-2@2x.png\",\"contentUrl\":\"https:\\\/\\\/www.calfusterdetous.com\\\/wp-content\\\/uploads\\\/2020\\\/04\\\/Recurso-2@2x.png\",\"width\":441,\"height\":171,\"caption\":\"Cal Fuster de la pla\u00e7a\"},\"image\":{\"@id\":\"https:\\\/\\\/www.calfusterdetous.com\\\/#\\\/schema\\\/logo\\\/image\\\/\"}},{\"@type\":\"Person\",\"@id\":\"https:\\\/\\\/www.calfusterdetous.com\\\/#\\\/schema\\\/person\\\/7e88133b30365a368352e4b1632dfcbf\",\"name\":\"miriam@hipo.tv\",\"image\":{\"@type\":\"ImageObject\",\"inLanguage\":\"es\",\"@id\":\"https:\\\/\\\/secure.gravatar.com\\\/avatar\\\/be02b06539cf4bd0897e7b270832773daa8fa7279004b6f5b6d8c1b2ec3e4ffe?s=96&d=mm&r=g\",\"url\":\"https:\\\/\\\/secure.gravatar.com\\\/avatar\\\/be02b06539cf4bd0897e7b270832773daa8fa7279004b6f5b6d8c1b2ec3e4ffe?s=96&d=mm&r=g\",\"contentUrl\":\"https:\\\/\\\/secure.gravatar.com\\\/avatar\\\/be02b06539cf4bd0897e7b270832773daa8fa7279004b6f5b6d8c1b2ec3e4ffe?s=96&d=mm&r=g\",\"caption\":\"miriam@hipo.tv\"},\"url\":\"https:\\\/\\\/www.calfusterdetous.com\\\/cast\\\/author\\\/miriamhipo-tv\\\/\"}]}<\/script>\n<!-- \/ Yoast SEO plugin. -->","yoast_head_json":{"title":"FirAnoia 2026: artesania, comer\u00e7 i tradici\u00f3 al cor de l\u2019Anoia - Cal Fuster de la pla\u00e7a","description":"Del 6 al 9 de maig, Igualada torna a convertir-se en l\u2019epicentre de la moda, la creativitat i la cultura amb una nova edici\u00f3 del Rec.0. Durant aquests dies, el barri del Rec es transforma en un gran espai de shopping \u00fanic, on antics espais industrials obren les seves portes per acollir marques de moda, dissenyadors, pop-up stores i propostes gastron\u00f2miques irresistibles.","robots":{"index":"index","follow":"follow","max-snippet":"max-snippet:-1","max-image-preview":"max-image-preview:large","max-video-preview":"max-video-preview:-1"},"canonical":"https:\/\/www.calfusterdetous.com\/cast\/firanoia-2026-artesania-comerc-i-tradicio-al-cor-de-lanoia\/","og_locale":"es_ES","og_type":"article","og_title":"FirAnoia 2026: artesania, comer\u00e7 i tradici\u00f3 al cor de l\u2019Anoia - Cal Fuster de la pla\u00e7a","og_description":"Del 6 al 9 de maig, Igualada torna a convertir-se en l\u2019epicentre de la moda, la creativitat i la cultura amb una nova edici\u00f3 del Rec.0. Durant aquests dies, el barri del Rec es transforma en un gran espai de shopping \u00fanic, on antics espais industrials obren les seves portes per acollir marques de moda, dissenyadors, pop-up stores i propostes gastron\u00f2miques irresistibles.","og_url":"https:\/\/www.calfusterdetous.com\/cast\/firanoia-2026-artesania-comerc-i-tradicio-al-cor-de-lanoia\/","og_site_name":"Cal Fuster de la pla\u00e7a","article_published_time":"2026-09-01T12:14:53+00:00","article_modified_time":"2026-09-01T12:16:57+00:00","og_image":[{"width":1204,"height":870,"url":"https:\/\/www.calfusterdetous.com\/wp-content\/uploads\/2026\/09\/WhatsApp-Image-2026-09-01-at-14.10.47-e1788265003554.jpeg","type":"image\/jpeg"}],"author":"miriam@hipo.tv","twitter_card":"summary_large_image","twitter_misc":{"Escrito por":"miriam@hipo.tv","Tiempo de lectura":"2 minutos"},"schema":{"@context":"https:\/\/schema.org","@graph":[{"@type":"Article","@id":"https:\/\/www.calfusterdetous.com\/firanoia-2026-artesania-comerc-i-tradicio-al-cor-de-lanoia\/#article","isPartOf":{"@id":"https:\/\/www.calfusterdetous.com\/firanoia-2026-artesania-comerc-i-tradicio-al-cor-de-lanoia\/"},"author":{"name":"miriam@hipo.tv","@id":"https:\/\/www.calfusterdetous.com\/#\/schema\/person\/7e88133b30365a368352e4b1632dfcbf"},"headline":"FirAnoia 2026: artesania, comer\u00e7 i tradici\u00f3 al cor de l\u2019Anoia","datePublished":"2026-09-01T12:14:53+00:00","dateModified":"2026-09-01T12:16:57+00:00","mainEntityOfPage":{"@id":"https:\/\/www.calfusterdetous.com\/firanoia-2026-artesania-comerc-i-tradicio-al-cor-de-lanoia\/"},"wordCount":347,"publisher":{"@id":"https:\/\/www.calfusterdetous.com\/#organization"},"image":{"@id":"https:\/\/www.calfusterdetous.com\/firanoia-2026-artesania-comerc-i-tradicio-al-cor-de-lanoia\/#primaryimage"},"thumbnailUrl":"https:\/\/www.calfusterdetous.com\/wp-content\/uploads\/2026\/09\/WhatsApp-Image-2026-09-01-at-14.10.47-e1788265003554.jpeg","keywords":["FirAnoia","Igualada","Sant Mart\u00ed de Tous","turismerural"],"articleSection":["Blog","Not\u00edcies"],"inLanguage":"es"},{"@type":"WebPage","@id":"https:\/\/www.calfusterdetous.com\/firanoia-2026-artesania-comerc-i-tradicio-al-cor-de-lanoia\/","url":"https:\/\/www.calfusterdetous.com\/firanoia-2026-artesania-comerc-i-tradicio-al-cor-de-lanoia\/","name":"FirAnoia 2026: artesania, comer\u00e7 i tradici\u00f3 al cor de l\u2019Anoia - Cal Fuster de la pla\u00e7a","isPartOf":{"@id":"https:\/\/www.calfusterdetous.com\/#website"},"primaryImageOfPage":{"@id":"https:\/\/www.calfusterdetous.com\/firanoia-2026-artesania-comerc-i-tradicio-al-cor-de-lanoia\/#primaryimage"},"image":{"@id":"https:\/\/www.calfusterdetous.com\/firanoia-2026-artesania-comerc-i-tradicio-al-cor-de-lanoia\/#primaryimage"},"thumbnailUrl":"https:\/\/www.calfusterdetous.com\/wp-content\/uploads\/2026\/09\/WhatsApp-Image-2026-09-01-at-14.10.47-e1788265003554.jpeg","datePublished":"2026-09-01T12:14:53+00:00","dateModified":"2026-09-01T12:16:57+00:00","description":"Del 6 al 9 de maig, Igualada torna a convertir-se en l\u2019epicentre de la moda, la creativitat i la cultura amb una nova edici\u00f3 del Rec.0. Durant aquests dies, el barri del Rec es transforma en un gran espai de shopping \u00fanic, on antics espais industrials obren les seves portes per acollir marques de moda, dissenyadors, pop-up stores i propostes gastron\u00f2miques irresistibles.","breadcrumb":{"@id":"https:\/\/www.calfusterdetous.com\/firanoia-2026-artesania-comerc-i-tradicio-al-cor-de-lanoia\/#breadcrumb"},"inLanguage":"es","potentialAction":[{"@type":"ReadAction","target":["https:\/\/www.calfusterdetous.com\/firanoia-2026-artesania-comerc-i-tradicio-al-cor-de-lanoia\/"]}]},{"@type":"ImageObject","inLanguage":"es","@id":"https:\/\/www.calfusterdetous.com\/firanoia-2026-artesania-comerc-i-tradicio-al-cor-de-lanoia\/#primaryimage","url":"https:\/\/www.calfusterdetous.com\/wp-content\/uploads\/2026\/09\/WhatsApp-Image-2026-09-01-at-14.10.47-e1788265003554.jpeg","contentUrl":"https:\/\/www.calfusterdetous.com\/wp-content\/uploads\/2026\/09\/WhatsApp-Image-2026-09-01-at-14.10.47-e1788265003554.jpeg","width":1204,"height":870},{"@type":"BreadcrumbList","@id":"https:\/\/www.calfusterdetous.com\/firanoia-2026-artesania-comerc-i-tradicio-al-cor-de-lanoia\/#breadcrumb","itemListElement":[{"@type":"ListItem","position":1,"name":"Portada","item":"https:\/\/www.calfusterdetous.com\/"},{"@type":"ListItem","position":2,"name":"FirAnoia 2026: artesania, comer\u00e7 i tradici\u00f3 al cor de l\u2019Anoia"}]},{"@type":"WebSite","@id":"https:\/\/www.calfusterdetous.com\/#website","url":"https:\/\/www.calfusterdetous.com\/","name":"Cal Fuster de la plaza","description":"Es una acogedora casa rural en Sant Mart\u00ed de Tous, ofreciendo cinco habitaciones \u00fanicas y espacios comunes llenos de historia y leyendas locales.","publisher":{"@id":"https:\/\/www.calfusterdetous.com\/#organization"},"potentialAction":[{"@type":"SearchAction","target":{"@type":"EntryPoint","urlTemplate":"https:\/\/www.calfusterdetous.com\/?s={search_term_string}"},"query-input":{"@type":"PropertyValueSpecification","valueRequired":true,"valueName":"search_term_string"}}],"inLanguage":"es"},{"@type":"Organization","@id":"https:\/\/www.calfusterdetous.com\/#organization","name":"Cal Fuster de la plaza","url":"https:\/\/www.calfusterdetous.com\/","logo":{"@type":"ImageObject","inLanguage":"es","@id":"https:\/\/www.calfusterdetous.com\/#\/schema\/logo\/image\/","url":"https:\/\/www.calfusterdetous.com\/wp-content\/uploads\/2020\/04\/Recurso-2@2x.png","contentUrl":"https:\/\/www.calfusterdetous.com\/wp-content\/uploads\/2020\/04\/Recurso-2@2x.png","width":441,"height":171,"caption":"Cal Fuster de la pla\u00e7a"},"image":{"@id":"https:\/\/www.calfusterdetous.com\/#\/schema\/logo\/image\/"}},{"@type":"Person","@id":"https:\/\/www.calfusterdetous.com\/#\/schema\/person\/7e88133b30365a368352e4b1632dfcbf","name":"miriam@hipo.tv","image":{"@type":"ImageObject","inLanguage":"es","@id":"https:\/\/secure.gravatar.com\/avatar\/be02b06539cf4bd0897e7b270832773daa8fa7279004b6f5b6d8c1b2ec3e4ffe?s=96&d=mm&r=g","url":"https:\/\/secure.gravatar.com\/avatar\/be02b06539cf4bd0897e7b270832773daa8fa7279004b6f5b6d8c1b2ec3e4ffe?s=96&d=mm&r=g","contentUrl":"https:\/\/secure.gravatar.com\/avatar\/be02b06539cf4bd0897e7b270832773daa8fa7279004b6f5b6d8c1b2ec3e4ffe?s=96&d=mm&r=g","caption":"miriam@hipo.tv"},"url":"https:\/\/www.calfusterdetous.com\/cast\/author\/miriamhipo-tv\/"}]}},"_links":{"self":[{"href":"https:\/\/www.calfusterdetous.com\/cast\/wp-json\/wp\/v2\/posts\/27867","targetHints":{"allow":["GET"]}}],"collection":[{"href":"https:\/\/www.calfusterdetous.com\/cast\/wp-json\/wp\/v2\/posts"}],"about":[{"href":"https:\/\/www.calfusterdetous.com\/cast\/wp-json\/wp\/v2\/types\/post"}],"author":[{"embeddable":true,"href":"https:\/\/www.calfusterdetous.com\/cast\/wp-json\/wp\/v2\/users\/3"}],"replies":[{"embeddable":true,"href":"https:\/\/www.calfusterdetous.com\/cast\/wp-json\/wp\/v2\/comments?post=27867"}],"version-history":[{"count":1,"href":"https:\/\/www.calfusterdetous.com\/cast\/wp-json\/wp\/v2\/posts\/27867\/revisions"}],"predecessor-version":[{"id":27870,"href":"https:\/\/www.calfusterdetous.com\/cast\/wp-json\/wp\/v2\/posts\/27867\/revisions\/27870"}],"wp:featuredmedia":[{"embeddable":true,"href":"https:\/\/www.calfusterdetous.com\/cast\/wp-json\/wp\/v2\/media\/27869"}],"wp:attachment":[{"href":"https:\/\/www.calfusterdetous.com\/cast\/wp-json\/wp\/v2\/media?parent=27867"}],"wp:term":[{"taxonomy":"category","embeddable":true,"href":"https:\/\/www.calfusterdetous.com\/cast\/wp-json\/wp\/v2\/categories?post=27867"},{"taxonomy":"post_tag","embeddable":true,"href":"https:\/\/www.calfusterdetous.com\/cast\/wp-json\/wp\/v2\/tags?post=27867"}],"curies":[{"name":"wp","href":"https:\/\/api.w.org\/{rel}","templated":true}]}}