{"id":9303,"date":"2021-07-10T08:54:00","date_gmt":"2021-07-10T08:54:00","guid":{"rendered":"https:\/\/calfuster.hipo.tv\/?p=9303"},"modified":"2023-05-12T07:30:10","modified_gmt":"2023-05-12T07:30:10","slug":"un-festival-de-llegendes-diferent","status":"publish","type":"post","link":"https:\/\/www.calfusterdetous.com\/cast\/un-festival-de-llegendes-diferent\/","title":{"rendered":"Un Festival de Leyendas diferente"},"content":{"rendered":"<p>DeLlegendes, el Festival de Leyendas de Catalu\u00f1a que se organiza cada primer fin de semana de julio en nuestro pueblo Sant Mart\u00ed de Tous, celebra este a\u00f1o la und\u00e9cima edici\u00f3n plenamente consolidado y con m\u00faltiples novedades. La m\u00e1s destacada por la relevancia del momento es la reformulaci\u00f3n de los actos y espacios para adaptarse a la situaci\u00f3n ocasionada por la Covid-19.<br \/>\nEl festival se desarrollar\u00e1 presencialmente garantizando todas las medidas de seguridad y sanitarias para que artistas, p\u00fablico, vecindario y organizaci\u00f3n puedan gozar del evento con la m\u00e1xima tranquilidad. As\u00ed, tendr\u00e1 lugar en las fechas previstas del 1, 2, 3 y 4 de julio y, adem\u00e1s, se alargar\u00e1 durante todo el mes para esponjar los espect\u00e1culos y actividades.<br \/>\nCon el mantenimiento del deLlegendes, la compa\u00f1\u00eda local Teatre Nu \u2013que se estrena en la direcci\u00f3n del festival\u2013 y el Ayuntamiento de Sant Mart\u00ed de Tous afianzan su responsabilidad y compromiso para impulsar la cultura cuando m\u00e1s se necesita. No dejar\u00e1n que se apague la cultura porque creen que la actividad cultural tambi\u00e9n nos salva y porque quieren volver a convertir a Tous en la capital catalana de las leyendas.<\/p>\n<p>As\u00ed que este a\u00f1o tendremos Festival de Leyendas, \u00a1diferente pero tendremos! Con m\u00e1s espect\u00e1culos y menos espectadores; m\u00e1s d\u00edas y m\u00e1s oportunidades para gozar con total seguridad.<br \/>\n\u27a1\ufe0f Reserva en nuestra casa y disfruta desde primera fila. Consulta el <a href=\"https:\/\/www.llegendes.cat\/programacio\">programa<\/a><\/p>","protected":false},"excerpt":{"rendered":"<p>DeLlegendes, el Festival de Llegendes de Catalunya que s\u2019organitza cada primer cap de setmana de juliol al nostre poble Sant Mart\u00ed de Tous, celebra\u00a0enguany l\u2019onzena edici\u00f3 plenament consolidat i amb m\u00faltiples novetats.<\/p>","protected":false},"author":1,"featured_media":22977,"comment_status":"closed","ping_status":"closed","sticky":false,"template":"","format":"standard","meta":{"_monsterinsights_skip_tracking":false,"_monsterinsights_sitenote_active":false,"_monsterinsights_sitenote_note":"","_monsterinsights_sitenote_category":0,"footnotes":""},"categories":[237],"tags":[238,239],"class_list":["post-9303","post","type-post","status-publish","format-standard","has-post-thumbnail","hentry","category-noticies","tag-festival-de-llegendes","tag-sant-marti-de-tous"],"yoast_head":"<!-- This site is optimized with the Yoast SEO plugin v27.4 - https:\/\/yoast.com\/product\/yoast-seo-wordpress\/ -->\n<title>Un Festival de Llegendes diferent - Cal Fuster de la pla\u00e7a<\/title>\n<meta name=\"robots\" content=\"index, follow, max-snippet:-1, max-image-preview:large, max-video-preview:-1\" \/>\n<link rel=\"canonical\" href=\"https:\/\/www.calfusterdetous.com\/cast\/un-festival-de-llegendes-diferent\/\" \/>\n<meta property=\"og:locale\" content=\"es_ES\" \/>\n<meta property=\"og:type\" content=\"article\" \/>\n<meta property=\"og:title\" content=\"Un Festival de Llegendes diferent - Cal Fuster de la pla\u00e7a\" \/>\n<meta property=\"og:description\" content=\"DeLlegendes, el Festival de Llegendes de Catalunya que s\u2019organitza cada primer cap de setmana de juliol al nostre poble Sant Mart\u00ed de Tous, celebra\u00a0enguany l\u2019onzena edici\u00f3 plenament consolidat i amb m\u00faltiples novetats.\" \/>\n<meta property=\"og:url\" content=\"https:\/\/www.calfusterdetous.com\/cast\/un-festival-de-llegendes-diferent\/\" \/>\n<meta property=\"og:site_name\" content=\"Cal Fuster de la pla\u00e7a\" \/>\n<meta property=\"article:published_time\" content=\"2021-07-10T08:54:00+00:00\" \/>\n<meta property=\"article:modified_time\" content=\"2023-05-12T07:30:10+00:00\" \/>\n<meta property=\"og:image\" content=\"https:\/\/www.calfusterdetous.com\/wp-content\/uploads\/2021\/07\/llegendes.jpg\" \/>\n\t<meta property=\"og:image:width\" content=\"840\" \/>\n\t<meta property=\"og:image:height\" content=\"440\" \/>\n\t<meta property=\"og:image:type\" content=\"image\/jpeg\" \/>\n<meta name=\"author\" content=\"admin\" \/>\n<meta name=\"twitter:card\" content=\"summary_large_image\" \/>\n<meta name=\"twitter:label1\" content=\"Escrito por\" \/>\n\t<meta name=\"twitter:data1\" content=\"admin\" \/>\n\t<meta name=\"twitter:label2\" content=\"Tiempo de lectura\" \/>\n\t<meta name=\"twitter:data2\" content=\"1 minuto\" \/>\n<script type=\"application\/ld+json\" class=\"yoast-schema-graph\">{\"@context\":\"https:\\\/\\\/schema.org\",\"@graph\":[{\"@type\":\"Article\",\"@id\":\"https:\\\/\\\/www.calfusterdetous.com\\\/un-festival-de-llegendes-diferent\\\/#article\",\"isPartOf\":{\"@id\":\"https:\\\/\\\/www.calfusterdetous.com\\\/un-festival-de-llegendes-diferent\\\/\"},\"author\":{\"name\":\"admin\",\"@id\":\"https:\\\/\\\/www.calfusterdetous.com\\\/#\\\/schema\\\/person\\\/ff879d09143b96daf4fdec5143cd7a60\"},\"headline\":\"Un Festival de Llegendes diferent\",\"datePublished\":\"2021-07-10T08:54:00+00:00\",\"dateModified\":\"2023-05-12T07:30:10+00:00\",\"mainEntityOfPage\":{\"@id\":\"https:\\\/\\\/www.calfusterdetous.com\\\/un-festival-de-llegendes-diferent\\\/\"},\"wordCount\":253,\"publisher\":{\"@id\":\"https:\\\/\\\/www.calfusterdetous.com\\\/#organization\"},\"image\":{\"@id\":\"https:\\\/\\\/www.calfusterdetous.com\\\/un-festival-de-llegendes-diferent\\\/#primaryimage\"},\"thumbnailUrl\":\"https:\\\/\\\/www.calfusterdetous.com\\\/wp-content\\\/uploads\\\/2021\\\/07\\\/llegendes.jpg\",\"keywords\":[\"Festival de Llegendes\",\"Sant Mart\u00ed de Tous\"],\"articleSection\":[\"Not\u00edcies\"],\"inLanguage\":\"es\"},{\"@type\":\"WebPage\",\"@id\":\"https:\\\/\\\/www.calfusterdetous.com\\\/un-festival-de-llegendes-diferent\\\/\",\"url\":\"https:\\\/\\\/www.calfusterdetous.com\\\/un-festival-de-llegendes-diferent\\\/\",\"name\":\"Un Festival de Llegendes diferent - Cal Fuster de la pla\u00e7a\",\"isPartOf\":{\"@id\":\"https:\\\/\\\/www.calfusterdetous.com\\\/#website\"},\"primaryImageOfPage\":{\"@id\":\"https:\\\/\\\/www.calfusterdetous.com\\\/un-festival-de-llegendes-diferent\\\/#primaryimage\"},\"image\":{\"@id\":\"https:\\\/\\\/www.calfusterdetous.com\\\/un-festival-de-llegendes-diferent\\\/#primaryimage\"},\"thumbnailUrl\":\"https:\\\/\\\/www.calfusterdetous.com\\\/wp-content\\\/uploads\\\/2021\\\/07\\\/llegendes.jpg\",\"datePublished\":\"2021-07-10T08:54:00+00:00\",\"dateModified\":\"2023-05-12T07:30:10+00:00\",\"breadcrumb\":{\"@id\":\"https:\\\/\\\/www.calfusterdetous.com\\\/un-festival-de-llegendes-diferent\\\/#breadcrumb\"},\"inLanguage\":\"es\",\"potentialAction\":[{\"@type\":\"ReadAction\",\"target\":[\"https:\\\/\\\/www.calfusterdetous.com\\\/un-festival-de-llegendes-diferent\\\/\"]}]},{\"@type\":\"ImageObject\",\"inLanguage\":\"es\",\"@id\":\"https:\\\/\\\/www.calfusterdetous.com\\\/un-festival-de-llegendes-diferent\\\/#primaryimage\",\"url\":\"https:\\\/\\\/www.calfusterdetous.com\\\/wp-content\\\/uploads\\\/2021\\\/07\\\/llegendes.jpg\",\"contentUrl\":\"https:\\\/\\\/www.calfusterdetous.com\\\/wp-content\\\/uploads\\\/2021\\\/07\\\/llegendes.jpg\",\"width\":840,\"height\":440},{\"@type\":\"BreadcrumbList\",\"@id\":\"https:\\\/\\\/www.calfusterdetous.com\\\/un-festival-de-llegendes-diferent\\\/#breadcrumb\",\"itemListElement\":[{\"@type\":\"ListItem\",\"position\":1,\"name\":\"Portada\",\"item\":\"https:\\\/\\\/www.calfusterdetous.com\\\/\"},{\"@type\":\"ListItem\",\"position\":2,\"name\":\"Un Festival de Llegendes diferent\"}]},{\"@type\":\"WebSite\",\"@id\":\"https:\\\/\\\/www.calfusterdetous.com\\\/#website\",\"url\":\"https:\\\/\\\/www.calfusterdetous.com\\\/\",\"name\":\"Cal Fuster de la pla\u00e7a\",\"description\":\"Es una acogedora casa rural en Sant Mart\u00ed de Tous, ofreciendo cinco habitaciones \u00fanicas y espacios comunes llenos de historia y leyendas locales. \",\"publisher\":{\"@id\":\"https:\\\/\\\/www.calfusterdetous.com\\\/#organization\"},\"potentialAction\":[{\"@type\":\"SearchAction\",\"target\":{\"@type\":\"EntryPoint\",\"urlTemplate\":\"https:\\\/\\\/www.calfusterdetous.com\\\/?s={search_term_string}\"},\"query-input\":{\"@type\":\"PropertyValueSpecification\",\"valueRequired\":true,\"valueName\":\"search_term_string\"}}],\"inLanguage\":\"es\"},{\"@type\":\"Organization\",\"@id\":\"https:\\\/\\\/www.calfusterdetous.com\\\/#organization\",\"name\":\"Cal Fuster de la pla\u00e7a\",\"url\":\"https:\\\/\\\/www.calfusterdetous.com\\\/\",\"logo\":{\"@type\":\"ImageObject\",\"inLanguage\":\"es\",\"@id\":\"https:\\\/\\\/www.calfusterdetous.com\\\/#\\\/schema\\\/logo\\\/image\\\/\",\"url\":\"https:\\\/\\\/www.calfusterdetous.com\\\/wp-content\\\/uploads\\\/2020\\\/04\\\/Recurso-2@2x.png\",\"contentUrl\":\"https:\\\/\\\/www.calfusterdetous.com\\\/wp-content\\\/uploads\\\/2020\\\/04\\\/Recurso-2@2x.png\",\"width\":441,\"height\":171,\"caption\":\"Cal Fuster de la pla\u00e7a\"},\"image\":{\"@id\":\"https:\\\/\\\/www.calfusterdetous.com\\\/#\\\/schema\\\/logo\\\/image\\\/\"}},{\"@type\":\"Person\",\"@id\":\"https:\\\/\\\/www.calfusterdetous.com\\\/#\\\/schema\\\/person\\\/ff879d09143b96daf4fdec5143cd7a60\",\"name\":\"admin\",\"image\":{\"@type\":\"ImageObject\",\"inLanguage\":\"es\",\"@id\":\"https:\\\/\\\/secure.gravatar.com\\\/avatar\\\/bf21c2dcdad6b9565bdce62f5956448785334a1aa4f0a7e65b0f575778a2ce90?s=96&d=mm&r=g\",\"url\":\"https:\\\/\\\/secure.gravatar.com\\\/avatar\\\/bf21c2dcdad6b9565bdce62f5956448785334a1aa4f0a7e65b0f575778a2ce90?s=96&d=mm&r=g\",\"contentUrl\":\"https:\\\/\\\/secure.gravatar.com\\\/avatar\\\/bf21c2dcdad6b9565bdce62f5956448785334a1aa4f0a7e65b0f575778a2ce90?s=96&d=mm&r=g\",\"caption\":\"admin\"},\"sameAs\":[\"https:\\\/\\\/calfusterdetous.com\"],\"url\":\"https:\\\/\\\/www.calfusterdetous.com\\\/cast\\\/author\\\/infohipo-tv\\\/\"}]}<\/script>\n<!-- \/ Yoast SEO plugin. -->","yoast_head_json":{"title":"Un Festival de Llegendes diferent - Cal Fuster de la pla\u00e7a","robots":{"index":"index","follow":"follow","max-snippet":"max-snippet:-1","max-image-preview":"max-image-preview:large","max-video-preview":"max-video-preview:-1"},"canonical":"https:\/\/www.calfusterdetous.com\/cast\/un-festival-de-llegendes-diferent\/","og_locale":"es_ES","og_type":"article","og_title":"Un Festival de Llegendes diferent - Cal Fuster de la pla\u00e7a","og_description":"DeLlegendes, el Festival de Llegendes de Catalunya que s\u2019organitza cada primer cap de setmana de juliol al nostre poble Sant Mart\u00ed de Tous, celebra\u00a0enguany l\u2019onzena edici\u00f3 plenament consolidat i amb m\u00faltiples novetats.","og_url":"https:\/\/www.calfusterdetous.com\/cast\/un-festival-de-llegendes-diferent\/","og_site_name":"Cal Fuster de la pla\u00e7a","article_published_time":"2021-07-10T08:54:00+00:00","article_modified_time":"2023-05-12T07:30:10+00:00","og_image":[{"width":840,"height":440,"url":"https:\/\/www.calfusterdetous.com\/wp-content\/uploads\/2021\/07\/llegendes.jpg","type":"image\/jpeg"}],"author":"admin","twitter_card":"summary_large_image","twitter_misc":{"Escrito por":"admin","Tiempo de lectura":"1 minuto"},"schema":{"@context":"https:\/\/schema.org","@graph":[{"@type":"Article","@id":"https:\/\/www.calfusterdetous.com\/un-festival-de-llegendes-diferent\/#article","isPartOf":{"@id":"https:\/\/www.calfusterdetous.com\/un-festival-de-llegendes-diferent\/"},"author":{"name":"admin","@id":"https:\/\/www.calfusterdetous.com\/#\/schema\/person\/ff879d09143b96daf4fdec5143cd7a60"},"headline":"Un Festival de Llegendes diferent","datePublished":"2021-07-10T08:54:00+00:00","dateModified":"2023-05-12T07:30:10+00:00","mainEntityOfPage":{"@id":"https:\/\/www.calfusterdetous.com\/un-festival-de-llegendes-diferent\/"},"wordCount":253,"publisher":{"@id":"https:\/\/www.calfusterdetous.com\/#organization"},"image":{"@id":"https:\/\/www.calfusterdetous.com\/un-festival-de-llegendes-diferent\/#primaryimage"},"thumbnailUrl":"https:\/\/www.calfusterdetous.com\/wp-content\/uploads\/2021\/07\/llegendes.jpg","keywords":["Festival de Llegendes","Sant Mart\u00ed de Tous"],"articleSection":["Not\u00edcies"],"inLanguage":"es"},{"@type":"WebPage","@id":"https:\/\/www.calfusterdetous.com\/un-festival-de-llegendes-diferent\/","url":"https:\/\/www.calfusterdetous.com\/un-festival-de-llegendes-diferent\/","name":"Un Festival de Llegendes diferent - Cal Fuster de la pla\u00e7a","isPartOf":{"@id":"https:\/\/www.calfusterdetous.com\/#website"},"primaryImageOfPage":{"@id":"https:\/\/www.calfusterdetous.com\/un-festival-de-llegendes-diferent\/#primaryimage"},"image":{"@id":"https:\/\/www.calfusterdetous.com\/un-festival-de-llegendes-diferent\/#primaryimage"},"thumbnailUrl":"https:\/\/www.calfusterdetous.com\/wp-content\/uploads\/2021\/07\/llegendes.jpg","datePublished":"2021-07-10T08:54:00+00:00","dateModified":"2023-05-12T07:30:10+00:00","breadcrumb":{"@id":"https:\/\/www.calfusterdetous.com\/un-festival-de-llegendes-diferent\/#breadcrumb"},"inLanguage":"es","potentialAction":[{"@type":"ReadAction","target":["https:\/\/www.calfusterdetous.com\/un-festival-de-llegendes-diferent\/"]}]},{"@type":"ImageObject","inLanguage":"es","@id":"https:\/\/www.calfusterdetous.com\/un-festival-de-llegendes-diferent\/#primaryimage","url":"https:\/\/www.calfusterdetous.com\/wp-content\/uploads\/2021\/07\/llegendes.jpg","contentUrl":"https:\/\/www.calfusterdetous.com\/wp-content\/uploads\/2021\/07\/llegendes.jpg","width":840,"height":440},{"@type":"BreadcrumbList","@id":"https:\/\/www.calfusterdetous.com\/un-festival-de-llegendes-diferent\/#breadcrumb","itemListElement":[{"@type":"ListItem","position":1,"name":"Portada","item":"https:\/\/www.calfusterdetous.com\/"},{"@type":"ListItem","position":2,"name":"Un Festival de Llegendes diferent"}]},{"@type":"WebSite","@id":"https:\/\/www.calfusterdetous.com\/#website","url":"https:\/\/www.calfusterdetous.com\/","name":"Cal Fuster de la plaza","description":"Es una acogedora casa rural en Sant Mart\u00ed de Tous, ofreciendo cinco habitaciones \u00fanicas y espacios comunes llenos de historia y leyendas locales.","publisher":{"@id":"https:\/\/www.calfusterdetous.com\/#organization"},"potentialAction":[{"@type":"SearchAction","target":{"@type":"EntryPoint","urlTemplate":"https:\/\/www.calfusterdetous.com\/?s={search_term_string}"},"query-input":{"@type":"PropertyValueSpecification","valueRequired":true,"valueName":"search_term_string"}}],"inLanguage":"es"},{"@type":"Organization","@id":"https:\/\/www.calfusterdetous.com\/#organization","name":"Cal Fuster de la plaza","url":"https:\/\/www.calfusterdetous.com\/","logo":{"@type":"ImageObject","inLanguage":"es","@id":"https:\/\/www.calfusterdetous.com\/#\/schema\/logo\/image\/","url":"https:\/\/www.calfusterdetous.com\/wp-content\/uploads\/2020\/04\/Recurso-2@2x.png","contentUrl":"https:\/\/www.calfusterdetous.com\/wp-content\/uploads\/2020\/04\/Recurso-2@2x.png","width":441,"height":171,"caption":"Cal Fuster de la pla\u00e7a"},"image":{"@id":"https:\/\/www.calfusterdetous.com\/#\/schema\/logo\/image\/"}},{"@type":"Person","@id":"https:\/\/www.calfusterdetous.com\/#\/schema\/person\/ff879d09143b96daf4fdec5143cd7a60","name":"admin","image":{"@type":"ImageObject","inLanguage":"es","@id":"https:\/\/secure.gravatar.com\/avatar\/bf21c2dcdad6b9565bdce62f5956448785334a1aa4f0a7e65b0f575778a2ce90?s=96&d=mm&r=g","url":"https:\/\/secure.gravatar.com\/avatar\/bf21c2dcdad6b9565bdce62f5956448785334a1aa4f0a7e65b0f575778a2ce90?s=96&d=mm&r=g","contentUrl":"https:\/\/secure.gravatar.com\/avatar\/bf21c2dcdad6b9565bdce62f5956448785334a1aa4f0a7e65b0f575778a2ce90?s=96&d=mm&r=g","caption":"admin"},"sameAs":["https:\/\/calfusterdetous.com"],"url":"https:\/\/www.calfusterdetous.com\/cast\/author\/infohipo-tv\/"}]}},"_links":{"self":[{"href":"https:\/\/www.calfusterdetous.com\/cast\/wp-json\/wp\/v2\/posts\/9303","targetHints":{"allow":["GET"]}}],"collection":[{"href":"https:\/\/www.calfusterdetous.com\/cast\/wp-json\/wp\/v2\/posts"}],"about":[{"href":"https:\/\/www.calfusterdetous.com\/cast\/wp-json\/wp\/v2\/types\/post"}],"author":[{"embeddable":true,"href":"https:\/\/www.calfusterdetous.com\/cast\/wp-json\/wp\/v2\/users\/1"}],"replies":[{"embeddable":true,"href":"https:\/\/www.calfusterdetous.com\/cast\/wp-json\/wp\/v2\/comments?post=9303"}],"version-history":[{"count":0,"href":"https:\/\/www.calfusterdetous.com\/cast\/wp-json\/wp\/v2\/posts\/9303\/revisions"}],"wp:featuredmedia":[{"embeddable":true,"href":"https:\/\/www.calfusterdetous.com\/cast\/wp-json\/wp\/v2\/media\/22977"}],"wp:attachment":[{"href":"https:\/\/www.calfusterdetous.com\/cast\/wp-json\/wp\/v2\/media?parent=9303"}],"wp:term":[{"taxonomy":"category","embeddable":true,"href":"https:\/\/www.calfusterdetous.com\/cast\/wp-json\/wp\/v2\/categories?post=9303"},{"taxonomy":"post_tag","embeddable":true,"href":"https:\/\/www.calfusterdetous.com\/cast\/wp-json\/wp\/v2\/tags?post=9303"}],"curies":[{"name":"wp","href":"https:\/\/api.w.org\/{rel}","templated":true}]}}