{"id":26547,"date":"2023-12-20T10:53:29","date_gmt":"2023-12-20T10:53:29","guid":{"rendered":"https:\/\/www.calfusterdetous.com\/?p=26547"},"modified":"2024-01-29T11:14:51","modified_gmt":"2024-01-29T11:14:51","slug":"descobreix-el-passat-medieval-de-sant-marti-de-tous","status":"publish","type":"post","link":"https:\/\/www.calfusterdetous.com\/eng\/descobreix-el-passat-medieval-de-sant-marti-de-tous\/","title":{"rendered":"Descobreix el Passat Medieval de Sant Mart\u00ed de Tous"},"content":{"rendered":"<p>Situada a la pintoresca comarca de l&#8217;Anoia, Sant Mart\u00ed de Tous \u00e9s un petit tresor envoltat de hist\u00f2ria i cultura. Enclavada en aquesta regi\u00f3, la casa rural de Sant Mart\u00ed de Tous ofereix als visitants una oportunitat \u00fanica d&#8217;immersi\u00f3 en el passat medieval, destacant especialment el majestu\u00f3s Castell de Tous que est\u00e0 a tocar de casa nostra.<\/p>\n\n\n\n<p><strong>El Castell de Tous: Un Monument Amb Hist\u00f2ria<\/strong><\/p>\n\n\n\n<p>Aquesta construcci\u00f3 impressionant, que corona un tur\u00f3 amb vistes espectaculars, \u00e9s nom\u00e9s un dels molts castells i torres de guaita que puntegen la comarca de l&#8217;Anoia. Datant d&#8217;entre mitjans del segle X i mitjans del segle XI, el Castell de Tous \u00e9s testimoni del passat medieval de la regi\u00f3, quan l&#8217;Anoia formava part de la l\u00ednia de frontera entre territoris cristians i musulmans.<\/p>\n\n\n\n<p><strong>Explora &#8220;L\u2019Anoia \u00e9s terra de castells&#8221; amb l&#8217;Aplicaci\u00f3 M\u00f2bil<\/strong><\/p>\n\n\n\n<p>Per als amants de la hist\u00f2ria i la descoberta, l&#8217;aplicaci\u00f3 m\u00f2bil &#8220;Anoia, terra de castells&#8221; ofereix rutes hist\u00f2riques fascinants que connecten els castells m\u00e9s emblem\u00e0tics de la comarca, entre ells el nostre castell de Sant Mart\u00ed de Tous. Mitjan\u00e7ant una recreaci\u00f3 hist\u00f2rica \u00fanica, aquesta aplicaci\u00f3 permet als visitants explorar les viv\u00e8ncies de personatges reals, aix\u00ed com descobrir detalls patrimonials i tur\u00edstics dels castells i dels municipis que els envolten.<\/p>\n\n\n\n<p><strong>Escapa&#8217;t a l&#8217;Anoia, Terra de Castells!<\/strong><\/p>\n\n\n\n<p>Amb el programa &#8220;L\u2019Anoia \u00e9s terra de castells&#8221;, Sant Mart\u00ed de Tous s&#8217;obre com una destinaci\u00f3 ideal per als amants de la hist\u00f2ria, les fam\u00edlies en cerca d&#8217;aventures i tots aquells que vulguin descobrir els secrets que amaguen aquests magn\u00edfics monuments medievals. No deixis passar l&#8217;oportunitat de viure una experi\u00e8ncia \u00fanica a la terra de castells, vine a casa nostra, i viur\u00e0s al costat d&#8217;un castell.<\/p>","protected":false},"excerpt":{"rendered":"<p>Situada a la pintoresca comarca de l&#8217;Anoia, Sant Mart\u00ed de Tous \u00e9s un petit tresor envoltat de hist\u00f2ria i cultura. Enclavada en aquesta regi\u00f3, la casa rural de Sant Mart\u00ed de Tous ofereix als visitants una oportunitat \u00fanica d&#8217;immersi\u00f3 en [&hellip;]<\/p>\n","protected":false},"author":3,"featured_media":26556,"comment_status":"open","ping_status":"closed","sticky":false,"template":"","format":"standard","meta":{"_monsterinsights_skip_tracking":false,"_monsterinsights_sitenote_active":false,"_monsterinsights_sitenote_note":"","_monsterinsights_sitenote_category":0,"footnotes":""},"categories":[210],"tags":[254,256,259],"class_list":["post-26547","post","type-post","status-publish","format-standard","has-post-thumbnail","hentry","category-blog","tag-anoiaturisme","tag-santmartidetous","tag-turismerural"],"yoast_head":"<!-- This site is optimized with the Yoast SEO plugin v27.4 - https:\/\/yoast.com\/product\/yoast-seo-wordpress\/ -->\n<title>Descobreix el Passat Medieval de Sant Mart\u00ed de Tous - Cal Fuster de la pla\u00e7a<\/title>\n<meta name=\"robots\" content=\"index, follow, max-snippet:-1, max-image-preview:large, max-video-preview:-1\" \/>\n<link rel=\"canonical\" href=\"https:\/\/www.calfusterdetous.com\/eng\/descobreix-el-passat-medieval-de-sant-marti-de-tous\/\" \/>\n<meta property=\"og:locale\" content=\"en_GB\" \/>\n<meta property=\"og:type\" content=\"article\" \/>\n<meta property=\"og:title\" content=\"Descobreix el Passat Medieval de Sant Mart\u00ed de Tous - Cal Fuster de la pla\u00e7a\" \/>\n<meta property=\"og:description\" content=\"Situada a la pintoresca comarca de l&#8217;Anoia, Sant Mart\u00ed de Tous \u00e9s un petit tresor envoltat de hist\u00f2ria i cultura. Enclavada en aquesta regi\u00f3, la casa rural de Sant Mart\u00ed de Tous ofereix als visitants una oportunitat \u00fanica d&#8217;immersi\u00f3 en [&hellip;]\" \/>\n<meta property=\"og:url\" content=\"https:\/\/www.calfusterdetous.com\/eng\/descobreix-el-passat-medieval-de-sant-marti-de-tous\/\" \/>\n<meta property=\"og:site_name\" content=\"Cal Fuster de la pla\u00e7a\" \/>\n<meta property=\"article:published_time\" content=\"2023-12-20T10:53:29+00:00\" \/>\n<meta property=\"article:modified_time\" content=\"2024-01-29T11:14:51+00:00\" \/>\n<meta property=\"og:image\" content=\"https:\/\/www.calfusterdetous.com\/wp-content\/uploads\/2023\/12\/01-castell-de-sant-marti-de-tous-060601_01_bis-1.jpg\" \/>\n\t<meta property=\"og:image:width\" content=\"1200\" \/>\n\t<meta property=\"og:image:height\" content=\"800\" \/>\n\t<meta property=\"og:image:type\" content=\"image\/jpeg\" \/>\n<meta name=\"author\" content=\"miriam@hipo.tv\" \/>\n<meta name=\"twitter:card\" content=\"summary_large_image\" \/>\n<meta name=\"twitter:label1\" content=\"Written by\" \/>\n\t<meta name=\"twitter:data1\" content=\"miriam@hipo.tv\" \/>\n\t<meta name=\"twitter:label2\" content=\"Estimated reading time\" \/>\n\t<meta name=\"twitter:data2\" content=\"2 minutes\" \/>\n<script type=\"application\/ld+json\" class=\"yoast-schema-graph\">{\"@context\":\"https:\\\/\\\/schema.org\",\"@graph\":[{\"@type\":\"Article\",\"@id\":\"https:\\\/\\\/www.calfusterdetous.com\\\/descobreix-el-passat-medieval-de-sant-marti-de-tous\\\/#article\",\"isPartOf\":{\"@id\":\"https:\\\/\\\/www.calfusterdetous.com\\\/descobreix-el-passat-medieval-de-sant-marti-de-tous\\\/\"},\"author\":{\"name\":\"miriam@hipo.tv\",\"@id\":\"https:\\\/\\\/www.calfusterdetous.com\\\/#\\\/schema\\\/person\\\/7e88133b30365a368352e4b1632dfcbf\"},\"headline\":\"Descobreix el Passat Medieval de Sant Mart\u00ed de Tous\",\"datePublished\":\"2023-12-20T10:53:29+00:00\",\"dateModified\":\"2024-01-29T11:14:51+00:00\",\"mainEntityOfPage\":{\"@id\":\"https:\\\/\\\/www.calfusterdetous.com\\\/descobreix-el-passat-medieval-de-sant-marti-de-tous\\\/\"},\"wordCount\":322,\"commentCount\":0,\"publisher\":{\"@id\":\"https:\\\/\\\/www.calfusterdetous.com\\\/#organization\"},\"image\":{\"@id\":\"https:\\\/\\\/www.calfusterdetous.com\\\/descobreix-el-passat-medieval-de-sant-marti-de-tous\\\/#primaryimage\"},\"thumbnailUrl\":\"https:\\\/\\\/www.calfusterdetous.com\\\/wp-content\\\/uploads\\\/2023\\\/12\\\/01-castell-de-sant-marti-de-tous-060601_01_bis-1.jpg\",\"keywords\":[\"AnoiaTurisme\",\"SantMart\u00eddeTous\",\"turismerural\"],\"articleSection\":[\"Blog\"],\"inLanguage\":\"en-GB\",\"potentialAction\":[{\"@type\":\"CommentAction\",\"name\":\"Comment\",\"target\":[\"https:\\\/\\\/www.calfusterdetous.com\\\/descobreix-el-passat-medieval-de-sant-marti-de-tous\\\/#respond\"]}]},{\"@type\":\"WebPage\",\"@id\":\"https:\\\/\\\/www.calfusterdetous.com\\\/descobreix-el-passat-medieval-de-sant-marti-de-tous\\\/\",\"url\":\"https:\\\/\\\/www.calfusterdetous.com\\\/descobreix-el-passat-medieval-de-sant-marti-de-tous\\\/\",\"name\":\"Descobreix el Passat Medieval de Sant Mart\u00ed de Tous - Cal Fuster de la pla\u00e7a\",\"isPartOf\":{\"@id\":\"https:\\\/\\\/www.calfusterdetous.com\\\/#website\"},\"primaryImageOfPage\":{\"@id\":\"https:\\\/\\\/www.calfusterdetous.com\\\/descobreix-el-passat-medieval-de-sant-marti-de-tous\\\/#primaryimage\"},\"image\":{\"@id\":\"https:\\\/\\\/www.calfusterdetous.com\\\/descobreix-el-passat-medieval-de-sant-marti-de-tous\\\/#primaryimage\"},\"thumbnailUrl\":\"https:\\\/\\\/www.calfusterdetous.com\\\/wp-content\\\/uploads\\\/2023\\\/12\\\/01-castell-de-sant-marti-de-tous-060601_01_bis-1.jpg\",\"datePublished\":\"2023-12-20T10:53:29+00:00\",\"dateModified\":\"2024-01-29T11:14:51+00:00\",\"breadcrumb\":{\"@id\":\"https:\\\/\\\/www.calfusterdetous.com\\\/descobreix-el-passat-medieval-de-sant-marti-de-tous\\\/#breadcrumb\"},\"inLanguage\":\"en-GB\",\"potentialAction\":[{\"@type\":\"ReadAction\",\"target\":[\"https:\\\/\\\/www.calfusterdetous.com\\\/descobreix-el-passat-medieval-de-sant-marti-de-tous\\\/\"]}]},{\"@type\":\"ImageObject\",\"inLanguage\":\"en-GB\",\"@id\":\"https:\\\/\\\/www.calfusterdetous.com\\\/descobreix-el-passat-medieval-de-sant-marti-de-tous\\\/#primaryimage\",\"url\":\"https:\\\/\\\/www.calfusterdetous.com\\\/wp-content\\\/uploads\\\/2023\\\/12\\\/01-castell-de-sant-marti-de-tous-060601_01_bis-1.jpg\",\"contentUrl\":\"https:\\\/\\\/www.calfusterdetous.com\\\/wp-content\\\/uploads\\\/2023\\\/12\\\/01-castell-de-sant-marti-de-tous-060601_01_bis-1.jpg\",\"width\":1200,\"height\":800},{\"@type\":\"BreadcrumbList\",\"@id\":\"https:\\\/\\\/www.calfusterdetous.com\\\/descobreix-el-passat-medieval-de-sant-marti-de-tous\\\/#breadcrumb\",\"itemListElement\":[{\"@type\":\"ListItem\",\"position\":1,\"name\":\"Portada\",\"item\":\"https:\\\/\\\/www.calfusterdetous.com\\\/\"},{\"@type\":\"ListItem\",\"position\":2,\"name\":\"Descobreix el Passat Medieval de Sant Mart\u00ed de Tous\"}]},{\"@type\":\"WebSite\",\"@id\":\"https:\\\/\\\/www.calfusterdetous.com\\\/#website\",\"url\":\"https:\\\/\\\/www.calfusterdetous.com\\\/\",\"name\":\"Cal Fuster de la pla\u00e7a\",\"description\":\"Es una acogedora casa rural en Sant Mart\u00ed de Tous, ofreciendo cinco habitaciones \u00fanicas y espacios comunes llenos de historia y leyendas locales. \",\"publisher\":{\"@id\":\"https:\\\/\\\/www.calfusterdetous.com\\\/#organization\"},\"potentialAction\":[{\"@type\":\"SearchAction\",\"target\":{\"@type\":\"EntryPoint\",\"urlTemplate\":\"https:\\\/\\\/www.calfusterdetous.com\\\/?s={search_term_string}\"},\"query-input\":{\"@type\":\"PropertyValueSpecification\",\"valueRequired\":true,\"valueName\":\"search_term_string\"}}],\"inLanguage\":\"en-GB\"},{\"@type\":\"Organization\",\"@id\":\"https:\\\/\\\/www.calfusterdetous.com\\\/#organization\",\"name\":\"Cal Fuster de la pla\u00e7a\",\"url\":\"https:\\\/\\\/www.calfusterdetous.com\\\/\",\"logo\":{\"@type\":\"ImageObject\",\"inLanguage\":\"en-GB\",\"@id\":\"https:\\\/\\\/www.calfusterdetous.com\\\/#\\\/schema\\\/logo\\\/image\\\/\",\"url\":\"https:\\\/\\\/www.calfusterdetous.com\\\/wp-content\\\/uploads\\\/2020\\\/04\\\/Recurso-2@2x.png\",\"contentUrl\":\"https:\\\/\\\/www.calfusterdetous.com\\\/wp-content\\\/uploads\\\/2020\\\/04\\\/Recurso-2@2x.png\",\"width\":441,\"height\":171,\"caption\":\"Cal Fuster de la pla\u00e7a\"},\"image\":{\"@id\":\"https:\\\/\\\/www.calfusterdetous.com\\\/#\\\/schema\\\/logo\\\/image\\\/\"}},{\"@type\":\"Person\",\"@id\":\"https:\\\/\\\/www.calfusterdetous.com\\\/#\\\/schema\\\/person\\\/7e88133b30365a368352e4b1632dfcbf\",\"name\":\"miriam@hipo.tv\",\"image\":{\"@type\":\"ImageObject\",\"inLanguage\":\"en-GB\",\"@id\":\"https:\\\/\\\/secure.gravatar.com\\\/avatar\\\/be02b06539cf4bd0897e7b270832773daa8fa7279004b6f5b6d8c1b2ec3e4ffe?s=96&d=mm&r=g\",\"url\":\"https:\\\/\\\/secure.gravatar.com\\\/avatar\\\/be02b06539cf4bd0897e7b270832773daa8fa7279004b6f5b6d8c1b2ec3e4ffe?s=96&d=mm&r=g\",\"contentUrl\":\"https:\\\/\\\/secure.gravatar.com\\\/avatar\\\/be02b06539cf4bd0897e7b270832773daa8fa7279004b6f5b6d8c1b2ec3e4ffe?s=96&d=mm&r=g\",\"caption\":\"miriam@hipo.tv\"},\"url\":\"https:\\\/\\\/www.calfusterdetous.com\\\/eng\\\/author\\\/miriamhipo-tv\\\/\"}]}<\/script>\n<!-- \/ Yoast SEO plugin. -->","yoast_head_json":{"title":"Descobreix el Passat Medieval de Sant Mart\u00ed de Tous - Cal Fuster de la pla\u00e7a","robots":{"index":"index","follow":"follow","max-snippet":"max-snippet:-1","max-image-preview":"max-image-preview:large","max-video-preview":"max-video-preview:-1"},"canonical":"https:\/\/www.calfusterdetous.com\/eng\/descobreix-el-passat-medieval-de-sant-marti-de-tous\/","og_locale":"en_GB","og_type":"article","og_title":"Descobreix el Passat Medieval de Sant Mart\u00ed de Tous - Cal Fuster de la pla\u00e7a","og_description":"Situada a la pintoresca comarca de l&#8217;Anoia, Sant Mart\u00ed de Tous \u00e9s un petit tresor envoltat de hist\u00f2ria i cultura. Enclavada en aquesta regi\u00f3, la casa rural de Sant Mart\u00ed de Tous ofereix als visitants una oportunitat \u00fanica d&#8217;immersi\u00f3 en [&hellip;]","og_url":"https:\/\/www.calfusterdetous.com\/eng\/descobreix-el-passat-medieval-de-sant-marti-de-tous\/","og_site_name":"Cal Fuster de la pla\u00e7a","article_published_time":"2023-12-20T10:53:29+00:00","article_modified_time":"2024-01-29T11:14:51+00:00","og_image":[{"width":1200,"height":800,"url":"https:\/\/www.calfusterdetous.com\/wp-content\/uploads\/2023\/12\/01-castell-de-sant-marti-de-tous-060601_01_bis-1.jpg","type":"image\/jpeg"}],"author":"miriam@hipo.tv","twitter_card":"summary_large_image","twitter_misc":{"Written by":"miriam@hipo.tv","Estimated reading time":"2 minutes"},"schema":{"@context":"https:\/\/schema.org","@graph":[{"@type":"Article","@id":"https:\/\/www.calfusterdetous.com\/descobreix-el-passat-medieval-de-sant-marti-de-tous\/#article","isPartOf":{"@id":"https:\/\/www.calfusterdetous.com\/descobreix-el-passat-medieval-de-sant-marti-de-tous\/"},"author":{"name":"miriam@hipo.tv","@id":"https:\/\/www.calfusterdetous.com\/#\/schema\/person\/7e88133b30365a368352e4b1632dfcbf"},"headline":"Descobreix el Passat Medieval de Sant Mart\u00ed de Tous","datePublished":"2023-12-20T10:53:29+00:00","dateModified":"2024-01-29T11:14:51+00:00","mainEntityOfPage":{"@id":"https:\/\/www.calfusterdetous.com\/descobreix-el-passat-medieval-de-sant-marti-de-tous\/"},"wordCount":322,"commentCount":0,"publisher":{"@id":"https:\/\/www.calfusterdetous.com\/#organization"},"image":{"@id":"https:\/\/www.calfusterdetous.com\/descobreix-el-passat-medieval-de-sant-marti-de-tous\/#primaryimage"},"thumbnailUrl":"https:\/\/www.calfusterdetous.com\/wp-content\/uploads\/2023\/12\/01-castell-de-sant-marti-de-tous-060601_01_bis-1.jpg","keywords":["AnoiaTurisme","SantMart\u00eddeTous","turismerural"],"articleSection":["Blog"],"inLanguage":"en-GB","potentialAction":[{"@type":"CommentAction","name":"Comment","target":["https:\/\/www.calfusterdetous.com\/descobreix-el-passat-medieval-de-sant-marti-de-tous\/#respond"]}]},{"@type":"WebPage","@id":"https:\/\/www.calfusterdetous.com\/descobreix-el-passat-medieval-de-sant-marti-de-tous\/","url":"https:\/\/www.calfusterdetous.com\/descobreix-el-passat-medieval-de-sant-marti-de-tous\/","name":"Descobreix el Passat Medieval de Sant Mart\u00ed de Tous - Cal Fuster de la pla\u00e7a","isPartOf":{"@id":"https:\/\/www.calfusterdetous.com\/#website"},"primaryImageOfPage":{"@id":"https:\/\/www.calfusterdetous.com\/descobreix-el-passat-medieval-de-sant-marti-de-tous\/#primaryimage"},"image":{"@id":"https:\/\/www.calfusterdetous.com\/descobreix-el-passat-medieval-de-sant-marti-de-tous\/#primaryimage"},"thumbnailUrl":"https:\/\/www.calfusterdetous.com\/wp-content\/uploads\/2023\/12\/01-castell-de-sant-marti-de-tous-060601_01_bis-1.jpg","datePublished":"2023-12-20T10:53:29+00:00","dateModified":"2024-01-29T11:14:51+00:00","breadcrumb":{"@id":"https:\/\/www.calfusterdetous.com\/descobreix-el-passat-medieval-de-sant-marti-de-tous\/#breadcrumb"},"inLanguage":"en-GB","potentialAction":[{"@type":"ReadAction","target":["https:\/\/www.calfusterdetous.com\/descobreix-el-passat-medieval-de-sant-marti-de-tous\/"]}]},{"@type":"ImageObject","inLanguage":"en-GB","@id":"https:\/\/www.calfusterdetous.com\/descobreix-el-passat-medieval-de-sant-marti-de-tous\/#primaryimage","url":"https:\/\/www.calfusterdetous.com\/wp-content\/uploads\/2023\/12\/01-castell-de-sant-marti-de-tous-060601_01_bis-1.jpg","contentUrl":"https:\/\/www.calfusterdetous.com\/wp-content\/uploads\/2023\/12\/01-castell-de-sant-marti-de-tous-060601_01_bis-1.jpg","width":1200,"height":800},{"@type":"BreadcrumbList","@id":"https:\/\/www.calfusterdetous.com\/descobreix-el-passat-medieval-de-sant-marti-de-tous\/#breadcrumb","itemListElement":[{"@type":"ListItem","position":1,"name":"Portada","item":"https:\/\/www.calfusterdetous.com\/"},{"@type":"ListItem","position":2,"name":"Descobreix el Passat Medieval de Sant Mart\u00ed de Tous"}]},{"@type":"WebSite","@id":"https:\/\/www.calfusterdetous.com\/#website","url":"https:\/\/www.calfusterdetous.com\/","name":"Carpenter of the square is needed","description":"Es una acogedora casa rural en Sant Mart\u00ed de Tous, ofreciendo cinco habitaciones \u00fanicas y espacios comunes llenos de historia y leyendas locales.","publisher":{"@id":"https:\/\/www.calfusterdetous.com\/#organization"},"potentialAction":[{"@type":"SearchAction","target":{"@type":"EntryPoint","urlTemplate":"https:\/\/www.calfusterdetous.com\/?s={search_term_string}"},"query-input":{"@type":"PropertyValueSpecification","valueRequired":true,"valueName":"search_term_string"}}],"inLanguage":"en-GB"},{"@type":"Organization","@id":"https:\/\/www.calfusterdetous.com\/#organization","name":"Carpenter of the square is needed","url":"https:\/\/www.calfusterdetous.com\/","logo":{"@type":"ImageObject","inLanguage":"en-GB","@id":"https:\/\/www.calfusterdetous.com\/#\/schema\/logo\/image\/","url":"https:\/\/www.calfusterdetous.com\/wp-content\/uploads\/2020\/04\/Recurso-2@2x.png","contentUrl":"https:\/\/www.calfusterdetous.com\/wp-content\/uploads\/2020\/04\/Recurso-2@2x.png","width":441,"height":171,"caption":"Cal Fuster de la pla\u00e7a"},"image":{"@id":"https:\/\/www.calfusterdetous.com\/#\/schema\/logo\/image\/"}},{"@type":"Person","@id":"https:\/\/www.calfusterdetous.com\/#\/schema\/person\/7e88133b30365a368352e4b1632dfcbf","name":"miriam@hipo.tv","image":{"@type":"ImageObject","inLanguage":"en-GB","@id":"https:\/\/secure.gravatar.com\/avatar\/be02b06539cf4bd0897e7b270832773daa8fa7279004b6f5b6d8c1b2ec3e4ffe?s=96&d=mm&r=g","url":"https:\/\/secure.gravatar.com\/avatar\/be02b06539cf4bd0897e7b270832773daa8fa7279004b6f5b6d8c1b2ec3e4ffe?s=96&d=mm&r=g","contentUrl":"https:\/\/secure.gravatar.com\/avatar\/be02b06539cf4bd0897e7b270832773daa8fa7279004b6f5b6d8c1b2ec3e4ffe?s=96&d=mm&r=g","caption":"miriam@hipo.tv"},"url":"https:\/\/www.calfusterdetous.com\/eng\/author\/miriamhipo-tv\/"}]}},"_links":{"self":[{"href":"https:\/\/www.calfusterdetous.com\/eng\/wp-json\/wp\/v2\/posts\/26547","targetHints":{"allow":["GET"]}}],"collection":[{"href":"https:\/\/www.calfusterdetous.com\/eng\/wp-json\/wp\/v2\/posts"}],"about":[{"href":"https:\/\/www.calfusterdetous.com\/eng\/wp-json\/wp\/v2\/types\/post"}],"author":[{"embeddable":true,"href":"https:\/\/www.calfusterdetous.com\/eng\/wp-json\/wp\/v2\/users\/3"}],"replies":[{"embeddable":true,"href":"https:\/\/www.calfusterdetous.com\/eng\/wp-json\/wp\/v2\/comments?post=26547"}],"version-history":[{"count":0,"href":"https:\/\/www.calfusterdetous.com\/eng\/wp-json\/wp\/v2\/posts\/26547\/revisions"}],"wp:featuredmedia":[{"embeddable":true,"href":"https:\/\/www.calfusterdetous.com\/eng\/wp-json\/wp\/v2\/media\/26556"}],"wp:attachment":[{"href":"https:\/\/www.calfusterdetous.com\/eng\/wp-json\/wp\/v2\/media?parent=26547"}],"wp:term":[{"taxonomy":"category","embeddable":true,"href":"https:\/\/www.calfusterdetous.com\/eng\/wp-json\/wp\/v2\/categories?post=26547"},{"taxonomy":"post_tag","embeddable":true,"href":"https:\/\/www.calfusterdetous.com\/eng\/wp-json\/wp\/v2\/tags?post=26547"}],"curies":[{"name":"wp","href":"https:\/\/api.w.org\/{rel}","templated":true}]}}