{"id":26590,"date":"2024-02-15T10:14:26","date_gmt":"2024-02-15T10:14:26","guid":{"rendered":"https:\/\/www.calfusterdetous.com\/?p=26590"},"modified":"2024-02-15T10:14:31","modified_gmt":"2024-02-15T10:14:31","slug":"descobreix-la-magia-de-sant-marti-de-tous-aquesta-setmana-santa","status":"publish","type":"post","link":"https:\/\/www.calfusterdetous.com\/eng\/descobreix-la-magia-de-sant-marti-de-tous-aquesta-setmana-santa\/","title":{"rendered":"Descobreix la m\u00e0gia de Sant Mart\u00ed de Tous aquesta Setmana Santa!"},"content":{"rendered":"<p><\/p>\n\n\n\n<p><strong>Descobreix la M\u00e0gia de Sant Mart\u00ed de Tous aquesta Setmana Santa!<\/strong><\/p>\n\n\n\n<p>S&#8217;acosta la Setmana Santa i \u00e9s el moment perfecte per planificar una escapada rural inoblidable! Est\u00e0s buscant el dest\u00ed ideal per gaudir d&#8217;unes vacances plenes d&#8217;aventura, gastronomia local i contacte amb la natura? Doncs no busquis m\u00e9s! La casa rural de Sant Mart\u00ed de Tous t&#8217;espera amb els bra\u00e7os oberts per oferir-te una experi\u00e8ncia \u00fanica que no oblidar\u00e0s f\u00e0cilment.<\/p>\n\n\n\n<p><strong>Gastronomia Local de plat principal <\/strong><br>Qu\u00e8 seria d&#8217;unes vacances sense gaudir de l&#8217;exquisida gastronomia local? A Sant Mart\u00ed de Tous, tindr\u00e0s l&#8217;oportunitat de degustar plats tradicionals catalans preparats amb ingredients frescos i de proximitat. Des de plats de muntanya reconfortants fins a del\u00edcies culin\u00e0ries inspirades en la cuina mediterr\u00e0nia, cada mos ser\u00e0 una explosi\u00f3 de sabors.<\/p>\n\n\n\n<p><strong>Emoci\u00f3 en dues rodes: Rutes en BTT<\/strong><br>Ets un entusiasta de l&#8217;aventura en bicicleta de muntanya? Doncs est\u00e0s de sort! Els voltants de Sant Mart\u00ed de Tous ofereixen un paisatge espectacular per explorar sobre dues rodes. Amb rutes per a tots els nivells, des de principiants fins a experts, tindr\u00e0s l&#8217;oportunitat de descobrir paisatges impressionants mentre gaudeixes de l&#8217;emoci\u00f3 de l&#8217;aventura a l&#8217;aire lliure.<\/p>\n\n\n\n<p><strong>Hist\u00f2ria i Encant en cada rac\u00f3<\/strong><br>Submergeix-te en la hist\u00f2ria i l&#8217;encant de Sant Mart\u00ed de Tous mentre explores el nostre bonic poble rural i el seu imponent castell. Deixa&#8217;t captivar pel carrer de les voltes, l&#8217;esgl\u00e8sia i els petits carrerons que ens envolten. Cada cantonada amaga una hist\u00f2ria fascinant que mereix ser descoberta!<\/p>\n\n\n\n<p><strong>Natura en estat pur: La Fou de Tous<\/strong><br>No pots perdre&#8217;t una excursi\u00f3 a La Fou de Tous durant la teva estada a la casa rural. Aquest paratge natural et sorprendr\u00e0; una caiguda d&#8217;aigua en un entorn ser\u00e8 i apacible. Tan si desitges relaxar-te i gaudir d&#8217;un dia tranquil a la natura, com si vols aventurar-te en una caminada explorat\u00f2ria, La Fou de Tous t&#8217;ofereix una experi\u00e8ncia \u00fanica en contacte amb el medi ambient.<\/p>\n\n\n\n<p><strong>Una fam\u00edlia acollidora espera la teva arribada<\/strong><br>A la casa rural de Sant Mart\u00ed de Tous, ser\u00e0s ben rebut. La nostra fam\u00edlia t&#8217;espera i far\u00e0 tot el possible perqu\u00e8 et sentis com a casa. Hospitalitat i atenci\u00f3 al detall. Volem que la teva estada sigui veritablement memorable, plena de moments especials i experi\u00e8ncies \u00faniques.<\/p>\n\n\n\n<p>No esperis m\u00e9s per reservar la teva escapada a Sant Mart\u00ed de Tous aquesta Setmana Santa! Viu la ruralitat i la hist\u00f2ria del poble mentre gaudeixes de la companyia dels teus \u00e9ssers estimats i crees records inoblidables per sempre. T&#8217;esperem amb els bra\u00e7os oberts. Vine i descobreix l&#8217;encant de Sant Mart\u00ed de Tous!<\/p>","protected":false},"excerpt":{"rendered":"<p>Descobreix la M\u00e0gia de Sant Mart\u00ed de Tous aquesta Setmana Santa! S&#8217;acosta la Setmana Santa i \u00e9s el moment perfecte per planificar una escapada rural inoblidable! Est\u00e0s buscant el dest\u00ed ideal per gaudir d&#8217;unes vacances plenes d&#8217;aventura, gastronomia local i [&hellip;]<\/p>\n","protected":false},"author":3,"featured_media":26591,"comment_status":"open","ping_status":"closed","sticky":false,"template":"","format":"standard","meta":{"_monsterinsights_skip_tracking":false,"_monsterinsights_sitenote_active":false,"_monsterinsights_sitenote_note":"","_monsterinsights_sitenote_category":0,"footnotes":""},"categories":[210],"tags":[],"class_list":["post-26590","post","type-post","status-publish","format-standard","has-post-thumbnail","hentry","category-blog"],"yoast_head":"<!-- This site is optimized with the Yoast SEO plugin v27.4 - https:\/\/yoast.com\/product\/yoast-seo-wordpress\/ -->\n<title>Descobreix la m\u00e0gia de Sant Mart\u00ed de Tous aquesta Setmana Santa! - Cal Fuster de la pla\u00e7a<\/title>\n<meta name=\"robots\" content=\"index, follow, max-snippet:-1, max-image-preview:large, max-video-preview:-1\" \/>\n<link rel=\"canonical\" href=\"https:\/\/www.calfusterdetous.com\/eng\/descobreix-la-magia-de-sant-marti-de-tous-aquesta-setmana-santa\/\" \/>\n<meta property=\"og:locale\" content=\"en_GB\" \/>\n<meta property=\"og:type\" content=\"article\" \/>\n<meta property=\"og:title\" content=\"Descobreix la m\u00e0gia de Sant Mart\u00ed de Tous aquesta Setmana Santa! - Cal Fuster de la pla\u00e7a\" \/>\n<meta property=\"og:description\" content=\"Descobreix la M\u00e0gia de Sant Mart\u00ed de Tous aquesta Setmana Santa! S&#8217;acosta la Setmana Santa i \u00e9s el moment perfecte per planificar una escapada rural inoblidable! Est\u00e0s buscant el dest\u00ed ideal per gaudir d&#8217;unes vacances plenes d&#8217;aventura, gastronomia local i [&hellip;]\" \/>\n<meta property=\"og:url\" content=\"https:\/\/www.calfusterdetous.com\/eng\/descobreix-la-magia-de-sant-marti-de-tous-aquesta-setmana-santa\/\" \/>\n<meta property=\"og:site_name\" content=\"Cal Fuster de la pla\u00e7a\" \/>\n<meta property=\"article:published_time\" content=\"2024-02-15T10:14:26+00:00\" \/>\n<meta property=\"article:modified_time\" content=\"2024-02-15T10:14:31+00:00\" \/>\n<meta property=\"og:image\" content=\"https:\/\/www.calfusterdetous.com\/wp-content\/uploads\/2024\/02\/WhatsApp-Image-2024-02-15-at-10.49.17.jpeg\" \/>\n\t<meta property=\"og:image:width\" content=\"1242\" \/>\n\t<meta property=\"og:image:height\" content=\"1536\" \/>\n\t<meta property=\"og:image:type\" content=\"image\/jpeg\" \/>\n<meta name=\"author\" content=\"miriam@hipo.tv\" \/>\n<meta name=\"twitter:card\" content=\"summary_large_image\" \/>\n<meta name=\"twitter:label1\" content=\"Written by\" \/>\n\t<meta name=\"twitter:data1\" content=\"miriam@hipo.tv\" \/>\n\t<meta name=\"twitter:label2\" content=\"Estimated reading time\" \/>\n\t<meta name=\"twitter:data2\" content=\"2 minutes\" \/>\n<script type=\"application\/ld+json\" class=\"yoast-schema-graph\">{\"@context\":\"https:\\\/\\\/schema.org\",\"@graph\":[{\"@type\":\"Article\",\"@id\":\"https:\\\/\\\/www.calfusterdetous.com\\\/descobreix-la-magia-de-sant-marti-de-tous-aquesta-setmana-santa\\\/#article\",\"isPartOf\":{\"@id\":\"https:\\\/\\\/www.calfusterdetous.com\\\/descobreix-la-magia-de-sant-marti-de-tous-aquesta-setmana-santa\\\/\"},\"author\":{\"name\":\"miriam@hipo.tv\",\"@id\":\"https:\\\/\\\/www.calfusterdetous.com\\\/#\\\/schema\\\/person\\\/7e88133b30365a368352e4b1632dfcbf\"},\"headline\":\"Descobreix la m\u00e0gia de Sant Mart\u00ed de Tous aquesta Setmana Santa!\",\"datePublished\":\"2024-02-15T10:14:26+00:00\",\"dateModified\":\"2024-02-15T10:14:31+00:00\",\"mainEntityOfPage\":{\"@id\":\"https:\\\/\\\/www.calfusterdetous.com\\\/descobreix-la-magia-de-sant-marti-de-tous-aquesta-setmana-santa\\\/\"},\"wordCount\":485,\"commentCount\":0,\"publisher\":{\"@id\":\"https:\\\/\\\/www.calfusterdetous.com\\\/#organization\"},\"image\":{\"@id\":\"https:\\\/\\\/www.calfusterdetous.com\\\/descobreix-la-magia-de-sant-marti-de-tous-aquesta-setmana-santa\\\/#primaryimage\"},\"thumbnailUrl\":\"https:\\\/\\\/www.calfusterdetous.com\\\/wp-content\\\/uploads\\\/2024\\\/02\\\/WhatsApp-Image-2024-02-15-at-10.49.17.jpeg\",\"articleSection\":[\"Blog\"],\"inLanguage\":\"en-GB\",\"potentialAction\":[{\"@type\":\"CommentAction\",\"name\":\"Comment\",\"target\":[\"https:\\\/\\\/www.calfusterdetous.com\\\/descobreix-la-magia-de-sant-marti-de-tous-aquesta-setmana-santa\\\/#respond\"]}]},{\"@type\":\"WebPage\",\"@id\":\"https:\\\/\\\/www.calfusterdetous.com\\\/descobreix-la-magia-de-sant-marti-de-tous-aquesta-setmana-santa\\\/\",\"url\":\"https:\\\/\\\/www.calfusterdetous.com\\\/descobreix-la-magia-de-sant-marti-de-tous-aquesta-setmana-santa\\\/\",\"name\":\"Descobreix la m\u00e0gia de Sant Mart\u00ed de Tous aquesta Setmana Santa! - Cal Fuster de la pla\u00e7a\",\"isPartOf\":{\"@id\":\"https:\\\/\\\/www.calfusterdetous.com\\\/#website\"},\"primaryImageOfPage\":{\"@id\":\"https:\\\/\\\/www.calfusterdetous.com\\\/descobreix-la-magia-de-sant-marti-de-tous-aquesta-setmana-santa\\\/#primaryimage\"},\"image\":{\"@id\":\"https:\\\/\\\/www.calfusterdetous.com\\\/descobreix-la-magia-de-sant-marti-de-tous-aquesta-setmana-santa\\\/#primaryimage\"},\"thumbnailUrl\":\"https:\\\/\\\/www.calfusterdetous.com\\\/wp-content\\\/uploads\\\/2024\\\/02\\\/WhatsApp-Image-2024-02-15-at-10.49.17.jpeg\",\"datePublished\":\"2024-02-15T10:14:26+00:00\",\"dateModified\":\"2024-02-15T10:14:31+00:00\",\"breadcrumb\":{\"@id\":\"https:\\\/\\\/www.calfusterdetous.com\\\/descobreix-la-magia-de-sant-marti-de-tous-aquesta-setmana-santa\\\/#breadcrumb\"},\"inLanguage\":\"en-GB\",\"potentialAction\":[{\"@type\":\"ReadAction\",\"target\":[\"https:\\\/\\\/www.calfusterdetous.com\\\/descobreix-la-magia-de-sant-marti-de-tous-aquesta-setmana-santa\\\/\"]}]},{\"@type\":\"ImageObject\",\"inLanguage\":\"en-GB\",\"@id\":\"https:\\\/\\\/www.calfusterdetous.com\\\/descobreix-la-magia-de-sant-marti-de-tous-aquesta-setmana-santa\\\/#primaryimage\",\"url\":\"https:\\\/\\\/www.calfusterdetous.com\\\/wp-content\\\/uploads\\\/2024\\\/02\\\/WhatsApp-Image-2024-02-15-at-10.49.17.jpeg\",\"contentUrl\":\"https:\\\/\\\/www.calfusterdetous.com\\\/wp-content\\\/uploads\\\/2024\\\/02\\\/WhatsApp-Image-2024-02-15-at-10.49.17.jpeg\",\"width\":1242,\"height\":1536,\"caption\":\"La Fou de Sant Mart\u00ed de Tous\"},{\"@type\":\"BreadcrumbList\",\"@id\":\"https:\\\/\\\/www.calfusterdetous.com\\\/descobreix-la-magia-de-sant-marti-de-tous-aquesta-setmana-santa\\\/#breadcrumb\",\"itemListElement\":[{\"@type\":\"ListItem\",\"position\":1,\"name\":\"Portada\",\"item\":\"https:\\\/\\\/www.calfusterdetous.com\\\/\"},{\"@type\":\"ListItem\",\"position\":2,\"name\":\"Descobreix la m\u00e0gia de Sant Mart\u00ed de Tous aquesta Setmana Santa!\"}]},{\"@type\":\"WebSite\",\"@id\":\"https:\\\/\\\/www.calfusterdetous.com\\\/#website\",\"url\":\"https:\\\/\\\/www.calfusterdetous.com\\\/\",\"name\":\"Cal Fuster de la pla\u00e7a\",\"description\":\"Es una acogedora casa rural en Sant Mart\u00ed de Tous, ofreciendo cinco habitaciones \u00fanicas y espacios comunes llenos de historia y leyendas locales. \",\"publisher\":{\"@id\":\"https:\\\/\\\/www.calfusterdetous.com\\\/#organization\"},\"potentialAction\":[{\"@type\":\"SearchAction\",\"target\":{\"@type\":\"EntryPoint\",\"urlTemplate\":\"https:\\\/\\\/www.calfusterdetous.com\\\/?s={search_term_string}\"},\"query-input\":{\"@type\":\"PropertyValueSpecification\",\"valueRequired\":true,\"valueName\":\"search_term_string\"}}],\"inLanguage\":\"en-GB\"},{\"@type\":\"Organization\",\"@id\":\"https:\\\/\\\/www.calfusterdetous.com\\\/#organization\",\"name\":\"Cal Fuster de la pla\u00e7a\",\"url\":\"https:\\\/\\\/www.calfusterdetous.com\\\/\",\"logo\":{\"@type\":\"ImageObject\",\"inLanguage\":\"en-GB\",\"@id\":\"https:\\\/\\\/www.calfusterdetous.com\\\/#\\\/schema\\\/logo\\\/image\\\/\",\"url\":\"https:\\\/\\\/www.calfusterdetous.com\\\/wp-content\\\/uploads\\\/2020\\\/04\\\/Recurso-2@2x.png\",\"contentUrl\":\"https:\\\/\\\/www.calfusterdetous.com\\\/wp-content\\\/uploads\\\/2020\\\/04\\\/Recurso-2@2x.png\",\"width\":441,\"height\":171,\"caption\":\"Cal Fuster de la pla\u00e7a\"},\"image\":{\"@id\":\"https:\\\/\\\/www.calfusterdetous.com\\\/#\\\/schema\\\/logo\\\/image\\\/\"}},{\"@type\":\"Person\",\"@id\":\"https:\\\/\\\/www.calfusterdetous.com\\\/#\\\/schema\\\/person\\\/7e88133b30365a368352e4b1632dfcbf\",\"name\":\"miriam@hipo.tv\",\"image\":{\"@type\":\"ImageObject\",\"inLanguage\":\"en-GB\",\"@id\":\"https:\\\/\\\/secure.gravatar.com\\\/avatar\\\/be02b06539cf4bd0897e7b270832773daa8fa7279004b6f5b6d8c1b2ec3e4ffe?s=96&d=mm&r=g\",\"url\":\"https:\\\/\\\/secure.gravatar.com\\\/avatar\\\/be02b06539cf4bd0897e7b270832773daa8fa7279004b6f5b6d8c1b2ec3e4ffe?s=96&d=mm&r=g\",\"contentUrl\":\"https:\\\/\\\/secure.gravatar.com\\\/avatar\\\/be02b06539cf4bd0897e7b270832773daa8fa7279004b6f5b6d8c1b2ec3e4ffe?s=96&d=mm&r=g\",\"caption\":\"miriam@hipo.tv\"},\"url\":\"https:\\\/\\\/www.calfusterdetous.com\\\/eng\\\/author\\\/miriamhipo-tv\\\/\"}]}<\/script>\n<!-- \/ Yoast SEO plugin. -->","yoast_head_json":{"title":"Descobreix la m\u00e0gia de Sant Mart\u00ed de Tous aquesta Setmana Santa! - Cal Fuster de la pla\u00e7a","robots":{"index":"index","follow":"follow","max-snippet":"max-snippet:-1","max-image-preview":"max-image-preview:large","max-video-preview":"max-video-preview:-1"},"canonical":"https:\/\/www.calfusterdetous.com\/eng\/descobreix-la-magia-de-sant-marti-de-tous-aquesta-setmana-santa\/","og_locale":"en_GB","og_type":"article","og_title":"Descobreix la m\u00e0gia de Sant Mart\u00ed de Tous aquesta Setmana Santa! - Cal Fuster de la pla\u00e7a","og_description":"Descobreix la M\u00e0gia de Sant Mart\u00ed de Tous aquesta Setmana Santa! S&#8217;acosta la Setmana Santa i \u00e9s el moment perfecte per planificar una escapada rural inoblidable! Est\u00e0s buscant el dest\u00ed ideal per gaudir d&#8217;unes vacances plenes d&#8217;aventura, gastronomia local i [&hellip;]","og_url":"https:\/\/www.calfusterdetous.com\/eng\/descobreix-la-magia-de-sant-marti-de-tous-aquesta-setmana-santa\/","og_site_name":"Cal Fuster de la pla\u00e7a","article_published_time":"2024-02-15T10:14:26+00:00","article_modified_time":"2024-02-15T10:14:31+00:00","og_image":[{"width":1242,"height":1536,"url":"https:\/\/www.calfusterdetous.com\/wp-content\/uploads\/2024\/02\/WhatsApp-Image-2024-02-15-at-10.49.17.jpeg","type":"image\/jpeg"}],"author":"miriam@hipo.tv","twitter_card":"summary_large_image","twitter_misc":{"Written by":"miriam@hipo.tv","Estimated reading time":"2 minutes"},"schema":{"@context":"https:\/\/schema.org","@graph":[{"@type":"Article","@id":"https:\/\/www.calfusterdetous.com\/descobreix-la-magia-de-sant-marti-de-tous-aquesta-setmana-santa\/#article","isPartOf":{"@id":"https:\/\/www.calfusterdetous.com\/descobreix-la-magia-de-sant-marti-de-tous-aquesta-setmana-santa\/"},"author":{"name":"miriam@hipo.tv","@id":"https:\/\/www.calfusterdetous.com\/#\/schema\/person\/7e88133b30365a368352e4b1632dfcbf"},"headline":"Descobreix la m\u00e0gia de Sant Mart\u00ed de Tous aquesta Setmana Santa!","datePublished":"2024-02-15T10:14:26+00:00","dateModified":"2024-02-15T10:14:31+00:00","mainEntityOfPage":{"@id":"https:\/\/www.calfusterdetous.com\/descobreix-la-magia-de-sant-marti-de-tous-aquesta-setmana-santa\/"},"wordCount":485,"commentCount":0,"publisher":{"@id":"https:\/\/www.calfusterdetous.com\/#organization"},"image":{"@id":"https:\/\/www.calfusterdetous.com\/descobreix-la-magia-de-sant-marti-de-tous-aquesta-setmana-santa\/#primaryimage"},"thumbnailUrl":"https:\/\/www.calfusterdetous.com\/wp-content\/uploads\/2024\/02\/WhatsApp-Image-2024-02-15-at-10.49.17.jpeg","articleSection":["Blog"],"inLanguage":"en-GB","potentialAction":[{"@type":"CommentAction","name":"Comment","target":["https:\/\/www.calfusterdetous.com\/descobreix-la-magia-de-sant-marti-de-tous-aquesta-setmana-santa\/#respond"]}]},{"@type":"WebPage","@id":"https:\/\/www.calfusterdetous.com\/descobreix-la-magia-de-sant-marti-de-tous-aquesta-setmana-santa\/","url":"https:\/\/www.calfusterdetous.com\/descobreix-la-magia-de-sant-marti-de-tous-aquesta-setmana-santa\/","name":"Descobreix la m\u00e0gia de Sant Mart\u00ed de Tous aquesta Setmana Santa! - Cal Fuster de la pla\u00e7a","isPartOf":{"@id":"https:\/\/www.calfusterdetous.com\/#website"},"primaryImageOfPage":{"@id":"https:\/\/www.calfusterdetous.com\/descobreix-la-magia-de-sant-marti-de-tous-aquesta-setmana-santa\/#primaryimage"},"image":{"@id":"https:\/\/www.calfusterdetous.com\/descobreix-la-magia-de-sant-marti-de-tous-aquesta-setmana-santa\/#primaryimage"},"thumbnailUrl":"https:\/\/www.calfusterdetous.com\/wp-content\/uploads\/2024\/02\/WhatsApp-Image-2024-02-15-at-10.49.17.jpeg","datePublished":"2024-02-15T10:14:26+00:00","dateModified":"2024-02-15T10:14:31+00:00","breadcrumb":{"@id":"https:\/\/www.calfusterdetous.com\/descobreix-la-magia-de-sant-marti-de-tous-aquesta-setmana-santa\/#breadcrumb"},"inLanguage":"en-GB","potentialAction":[{"@type":"ReadAction","target":["https:\/\/www.calfusterdetous.com\/descobreix-la-magia-de-sant-marti-de-tous-aquesta-setmana-santa\/"]}]},{"@type":"ImageObject","inLanguage":"en-GB","@id":"https:\/\/www.calfusterdetous.com\/descobreix-la-magia-de-sant-marti-de-tous-aquesta-setmana-santa\/#primaryimage","url":"https:\/\/www.calfusterdetous.com\/wp-content\/uploads\/2024\/02\/WhatsApp-Image-2024-02-15-at-10.49.17.jpeg","contentUrl":"https:\/\/www.calfusterdetous.com\/wp-content\/uploads\/2024\/02\/WhatsApp-Image-2024-02-15-at-10.49.17.jpeg","width":1242,"height":1536,"caption":"La Fou de Sant Mart\u00ed de Tous"},{"@type":"BreadcrumbList","@id":"https:\/\/www.calfusterdetous.com\/descobreix-la-magia-de-sant-marti-de-tous-aquesta-setmana-santa\/#breadcrumb","itemListElement":[{"@type":"ListItem","position":1,"name":"Portada","item":"https:\/\/www.calfusterdetous.com\/"},{"@type":"ListItem","position":2,"name":"Descobreix la m\u00e0gia de Sant Mart\u00ed de Tous aquesta Setmana Santa!"}]},{"@type":"WebSite","@id":"https:\/\/www.calfusterdetous.com\/#website","url":"https:\/\/www.calfusterdetous.com\/","name":"Carpenter of the square is needed","description":"Es una acogedora casa rural en Sant Mart\u00ed de Tous, ofreciendo cinco habitaciones \u00fanicas y espacios comunes llenos de historia y leyendas locales.","publisher":{"@id":"https:\/\/www.calfusterdetous.com\/#organization"},"potentialAction":[{"@type":"SearchAction","target":{"@type":"EntryPoint","urlTemplate":"https:\/\/www.calfusterdetous.com\/?s={search_term_string}"},"query-input":{"@type":"PropertyValueSpecification","valueRequired":true,"valueName":"search_term_string"}}],"inLanguage":"en-GB"},{"@type":"Organization","@id":"https:\/\/www.calfusterdetous.com\/#organization","name":"Carpenter of the square is needed","url":"https:\/\/www.calfusterdetous.com\/","logo":{"@type":"ImageObject","inLanguage":"en-GB","@id":"https:\/\/www.calfusterdetous.com\/#\/schema\/logo\/image\/","url":"https:\/\/www.calfusterdetous.com\/wp-content\/uploads\/2020\/04\/Recurso-2@2x.png","contentUrl":"https:\/\/www.calfusterdetous.com\/wp-content\/uploads\/2020\/04\/Recurso-2@2x.png","width":441,"height":171,"caption":"Cal Fuster de la pla\u00e7a"},"image":{"@id":"https:\/\/www.calfusterdetous.com\/#\/schema\/logo\/image\/"}},{"@type":"Person","@id":"https:\/\/www.calfusterdetous.com\/#\/schema\/person\/7e88133b30365a368352e4b1632dfcbf","name":"miriam@hipo.tv","image":{"@type":"ImageObject","inLanguage":"en-GB","@id":"https:\/\/secure.gravatar.com\/avatar\/be02b06539cf4bd0897e7b270832773daa8fa7279004b6f5b6d8c1b2ec3e4ffe?s=96&d=mm&r=g","url":"https:\/\/secure.gravatar.com\/avatar\/be02b06539cf4bd0897e7b270832773daa8fa7279004b6f5b6d8c1b2ec3e4ffe?s=96&d=mm&r=g","contentUrl":"https:\/\/secure.gravatar.com\/avatar\/be02b06539cf4bd0897e7b270832773daa8fa7279004b6f5b6d8c1b2ec3e4ffe?s=96&d=mm&r=g","caption":"miriam@hipo.tv"},"url":"https:\/\/www.calfusterdetous.com\/eng\/author\/miriamhipo-tv\/"}]}},"_links":{"self":[{"href":"https:\/\/www.calfusterdetous.com\/eng\/wp-json\/wp\/v2\/posts\/26590","targetHints":{"allow":["GET"]}}],"collection":[{"href":"https:\/\/www.calfusterdetous.com\/eng\/wp-json\/wp\/v2\/posts"}],"about":[{"href":"https:\/\/www.calfusterdetous.com\/eng\/wp-json\/wp\/v2\/types\/post"}],"author":[{"embeddable":true,"href":"https:\/\/www.calfusterdetous.com\/eng\/wp-json\/wp\/v2\/users\/3"}],"replies":[{"embeddable":true,"href":"https:\/\/www.calfusterdetous.com\/eng\/wp-json\/wp\/v2\/comments?post=26590"}],"version-history":[{"count":0,"href":"https:\/\/www.calfusterdetous.com\/eng\/wp-json\/wp\/v2\/posts\/26590\/revisions"}],"wp:featuredmedia":[{"embeddable":true,"href":"https:\/\/www.calfusterdetous.com\/eng\/wp-json\/wp\/v2\/media\/26591"}],"wp:attachment":[{"href":"https:\/\/www.calfusterdetous.com\/eng\/wp-json\/wp\/v2\/media?parent=26590"}],"wp:term":[{"taxonomy":"category","embeddable":true,"href":"https:\/\/www.calfusterdetous.com\/eng\/wp-json\/wp\/v2\/categories?post=26590"},{"taxonomy":"post_tag","embeddable":true,"href":"https:\/\/www.calfusterdetous.com\/eng\/wp-json\/wp\/v2\/tags?post=26590"}],"curies":[{"name":"wp","href":"https:\/\/api.w.org\/{rel}","templated":true}]}}