{"id":27695,"date":"2026-03-17T17:19:28","date_gmt":"2026-03-17T17:19:28","guid":{"rendered":"https:\/\/www.calfusterdetous.com\/?p=27695"},"modified":"2026-03-17T17:23:39","modified_gmt":"2026-03-17T17:23:39","slug":"viu-la-mostra-i-allarga-lexperiencia","status":"publish","type":"post","link":"https:\/\/www.calfusterdetous.com\/eng\/viu-la-mostra-i-allarga-lexperiencia\/","title":{"rendered":"Viu La Mostra\u2026 i allarga l\u2019experi\u00e8ncia"},"content":{"rendered":"<p>Cada primavera, <a href=\"https:\/\/www.mostraigualada.cat\/\">Mostra Igualada<\/a> transforma la ciutat en un gran escenari obert. Durant uns dies, carrers, places i teatres s\u2019omplen de vida amb espectacles de teatre, circ, dansa, m\u00fasica i propostes sorprenents per a tots els p\u00fablics. Una cita imprescindible que reuneix milers d\u2019espectadors i professionals i converteix Igualada en el cor de les arts esc\u00e8niques del pa\u00eds<\/p>\n\n\n\n<p>Per\u00f2 <a href=\"https:\/\/www.mostraigualada.cat\/\">La Mostra <\/a>no \u00e9s nom\u00e9s un festival: \u00e9s una experi\u00e8ncia que es viu millor sense presses.<\/p>\n\n\n\n<p>A <strong>Cal Fuster de la Pla\u00e7a<\/strong> et convidem a fer una pausa, a quedar-te, a fer nit. A deixar que la cultura continu\u00ef m\u00e9s enll\u00e0 dels escenaris. Despertar-te amb calma despr\u00e9s d\u2019un dia intens de funcions, comentar els espectacles, descobrir racons, compartir moments.<\/p>\n\n\n\n<p>Perqu\u00e8 viure La Mostra tamb\u00e9 \u00e9s:<br>\u2013 perdre\u2019t pels carrers plens d\u2019art<br>\u2013 deixar-te sorprendre per propostes inesperades<br>\u2013 gaudir del ritme tranquil d\u2019un poble amb \u00e0nima cultural<\/p>\n\n\n\n<p>I, sobretot, tenir un lloc acollidor on tornar.<\/p>\n\n\n\n<p>Durant els dies del festival (del 16 al 19 d\u2019abril de 2026), et proposem convertir la teva visita en una escapada cultural completa. Vine a gaudir de La Mostra\u2026 i queda\u2019t a viure-la de veritat.<\/p>\n\n\n\n<p><strong>Reserva la teva estada a Cal Fuster de la Pla\u00e7a i fes que la cultura tamb\u00e9 formi part del teu descans.<\/strong><\/p>\n\n\n\n\n\n<p><\/p>","protected":false},"excerpt":{"rendered":"<p>Cada primavera, Mostra Igualada transforma la ciutat en un gran escenari obert. Durant uns dies, carrers, places i teatres s\u2019omplen de vida amb espectacles de teatre, circ, dansa, m\u00fasica i propostes sorprenents per a tots els p\u00fablics. Una cita imprescindible [&hellip;]<\/p>\n","protected":false},"author":3,"featured_media":27699,"comment_status":"closed","ping_status":"closed","sticky":false,"template":"","format":"standard","meta":{"_monsterinsights_skip_tracking":false,"_monsterinsights_sitenote_active":false,"_monsterinsights_sitenote_note":"","_monsterinsights_sitenote_category":0,"footnotes":""},"categories":[210,237],"tags":[260,281,287,288],"class_list":["post-27695","post","type-post","status-publish","format-standard","has-post-thumbnail","hentry","category-blog","category-noticies","tag-anoia","tag-igualada","tag-mostra-igualada","tag-turisme-rural"],"yoast_head":"<!-- This site is optimized with the Yoast SEO plugin v27.4 - https:\/\/yoast.com\/product\/yoast-seo-wordpress\/ -->\n<title>Viu La Mostra\u2026 i allarga l\u2019experi\u00e8ncia - Cal Fuster de la pla\u00e7a<\/title>\n<meta name=\"description\" content=\"Viu La Mostra Igualada i allotja\u2019t a Cal Fuster de la Pla\u00e7a. Gaudeix del festival i descansa en una casa rural amb encant.\" \/>\n<meta name=\"robots\" content=\"index, follow, max-snippet:-1, max-image-preview:large, max-video-preview:-1\" \/>\n<link rel=\"canonical\" href=\"https:\/\/www.calfusterdetous.com\/eng\/viu-la-mostra-i-allarga-lexperiencia\/\" \/>\n<meta property=\"og:locale\" content=\"en_GB\" \/>\n<meta property=\"og:type\" content=\"article\" \/>\n<meta property=\"og:title\" content=\"Viu La Mostra\u2026 i allarga l\u2019experi\u00e8ncia - Cal Fuster de la pla\u00e7a\" \/>\n<meta property=\"og:description\" content=\"Viu La Mostra Igualada i allotja\u2019t a Cal Fuster de la Pla\u00e7a. Gaudeix del festival i descansa en una casa rural amb encant.\" \/>\n<meta property=\"og:url\" content=\"https:\/\/www.calfusterdetous.com\/eng\/viu-la-mostra-i-allarga-lexperiencia\/\" \/>\n<meta property=\"og:site_name\" content=\"Cal Fuster de la pla\u00e7a\" \/>\n<meta property=\"article:published_time\" content=\"2026-03-17T17:19:28+00:00\" \/>\n<meta property=\"article:modified_time\" content=\"2026-03-17T17:23:39+00:00\" \/>\n<meta property=\"og:image\" content=\"https:\/\/www.calfusterdetous.com\/wp-content\/uploads\/2026\/03\/cartell-mostra-logos2026.png_410792385.png\" \/>\n\t<meta property=\"og:image:width\" content=\"832\" \/>\n\t<meta property=\"og:image:height\" content=\"504\" \/>\n\t<meta property=\"og:image:type\" content=\"image\/png\" \/>\n<meta name=\"author\" content=\"miriam@hipo.tv\" \/>\n<meta name=\"twitter:card\" content=\"summary_large_image\" \/>\n<meta name=\"twitter:label1\" content=\"Written by\" \/>\n\t<meta name=\"twitter:data1\" content=\"miriam@hipo.tv\" \/>\n\t<meta name=\"twitter:label2\" content=\"Estimated reading time\" \/>\n\t<meta name=\"twitter:data2\" content=\"2 minutes\" \/>\n<script type=\"application\/ld+json\" class=\"yoast-schema-graph\">{\"@context\":\"https:\\\/\\\/schema.org\",\"@graph\":[{\"@type\":\"Article\",\"@id\":\"https:\\\/\\\/www.calfusterdetous.com\\\/viu-la-mostra-i-allarga-lexperiencia\\\/#article\",\"isPartOf\":{\"@id\":\"https:\\\/\\\/www.calfusterdetous.com\\\/viu-la-mostra-i-allarga-lexperiencia\\\/\"},\"author\":{\"name\":\"miriam@hipo.tv\",\"@id\":\"https:\\\/\\\/www.calfusterdetous.com\\\/#\\\/schema\\\/person\\\/7e88133b30365a368352e4b1632dfcbf\"},\"headline\":\"Viu La Mostra\u2026 i allarga l\u2019experi\u00e8ncia\",\"datePublished\":\"2026-03-17T17:19:28+00:00\",\"dateModified\":\"2026-03-17T17:23:39+00:00\",\"mainEntityOfPage\":{\"@id\":\"https:\\\/\\\/www.calfusterdetous.com\\\/viu-la-mostra-i-allarga-lexperiencia\\\/\"},\"wordCount\":230,\"publisher\":{\"@id\":\"https:\\\/\\\/www.calfusterdetous.com\\\/#organization\"},\"image\":{\"@id\":\"https:\\\/\\\/www.calfusterdetous.com\\\/viu-la-mostra-i-allarga-lexperiencia\\\/#primaryimage\"},\"thumbnailUrl\":\"https:\\\/\\\/www.calfusterdetous.com\\\/wp-content\\\/uploads\\\/2026\\\/03\\\/cartell-mostra-logos2026.png_410792385.png\",\"keywords\":[\"Anoia\",\"Igualada\",\"Mostra Igualada\",\"turisme rural\"],\"articleSection\":[\"Blog\",\"Not\u00edcies\"],\"inLanguage\":\"en-GB\"},{\"@type\":\"WebPage\",\"@id\":\"https:\\\/\\\/www.calfusterdetous.com\\\/viu-la-mostra-i-allarga-lexperiencia\\\/\",\"url\":\"https:\\\/\\\/www.calfusterdetous.com\\\/viu-la-mostra-i-allarga-lexperiencia\\\/\",\"name\":\"Viu La Mostra\u2026 i allarga l\u2019experi\u00e8ncia - Cal Fuster de la pla\u00e7a\",\"isPartOf\":{\"@id\":\"https:\\\/\\\/www.calfusterdetous.com\\\/#website\"},\"primaryImageOfPage\":{\"@id\":\"https:\\\/\\\/www.calfusterdetous.com\\\/viu-la-mostra-i-allarga-lexperiencia\\\/#primaryimage\"},\"image\":{\"@id\":\"https:\\\/\\\/www.calfusterdetous.com\\\/viu-la-mostra-i-allarga-lexperiencia\\\/#primaryimage\"},\"thumbnailUrl\":\"https:\\\/\\\/www.calfusterdetous.com\\\/wp-content\\\/uploads\\\/2026\\\/03\\\/cartell-mostra-logos2026.png_410792385.png\",\"datePublished\":\"2026-03-17T17:19:28+00:00\",\"dateModified\":\"2026-03-17T17:23:39+00:00\",\"description\":\"Viu La Mostra Igualada i allotja\u2019t a Cal Fuster de la Pla\u00e7a. Gaudeix del festival i descansa en una casa rural amb encant.\",\"breadcrumb\":{\"@id\":\"https:\\\/\\\/www.calfusterdetous.com\\\/viu-la-mostra-i-allarga-lexperiencia\\\/#breadcrumb\"},\"inLanguage\":\"en-GB\",\"potentialAction\":[{\"@type\":\"ReadAction\",\"target\":[\"https:\\\/\\\/www.calfusterdetous.com\\\/viu-la-mostra-i-allarga-lexperiencia\\\/\"]}]},{\"@type\":\"ImageObject\",\"inLanguage\":\"en-GB\",\"@id\":\"https:\\\/\\\/www.calfusterdetous.com\\\/viu-la-mostra-i-allarga-lexperiencia\\\/#primaryimage\",\"url\":\"https:\\\/\\\/www.calfusterdetous.com\\\/wp-content\\\/uploads\\\/2026\\\/03\\\/cartell-mostra-logos2026.png_410792385.png\",\"contentUrl\":\"https:\\\/\\\/www.calfusterdetous.com\\\/wp-content\\\/uploads\\\/2026\\\/03\\\/cartell-mostra-logos2026.png_410792385.png\",\"width\":832,\"height\":504},{\"@type\":\"BreadcrumbList\",\"@id\":\"https:\\\/\\\/www.calfusterdetous.com\\\/viu-la-mostra-i-allarga-lexperiencia\\\/#breadcrumb\",\"itemListElement\":[{\"@type\":\"ListItem\",\"position\":1,\"name\":\"Portada\",\"item\":\"https:\\\/\\\/www.calfusterdetous.com\\\/\"},{\"@type\":\"ListItem\",\"position\":2,\"name\":\"Viu La Mostra\u2026 i allarga l\u2019experi\u00e8ncia\"}]},{\"@type\":\"WebSite\",\"@id\":\"https:\\\/\\\/www.calfusterdetous.com\\\/#website\",\"url\":\"https:\\\/\\\/www.calfusterdetous.com\\\/\",\"name\":\"Cal Fuster de la pla\u00e7a\",\"description\":\"Es una acogedora casa rural en Sant Mart\u00ed de Tous, ofreciendo cinco habitaciones \u00fanicas y espacios comunes llenos de historia y leyendas locales. \",\"publisher\":{\"@id\":\"https:\\\/\\\/www.calfusterdetous.com\\\/#organization\"},\"potentialAction\":[{\"@type\":\"SearchAction\",\"target\":{\"@type\":\"EntryPoint\",\"urlTemplate\":\"https:\\\/\\\/www.calfusterdetous.com\\\/?s={search_term_string}\"},\"query-input\":{\"@type\":\"PropertyValueSpecification\",\"valueRequired\":true,\"valueName\":\"search_term_string\"}}],\"inLanguage\":\"en-GB\"},{\"@type\":\"Organization\",\"@id\":\"https:\\\/\\\/www.calfusterdetous.com\\\/#organization\",\"name\":\"Cal Fuster de la pla\u00e7a\",\"url\":\"https:\\\/\\\/www.calfusterdetous.com\\\/\",\"logo\":{\"@type\":\"ImageObject\",\"inLanguage\":\"en-GB\",\"@id\":\"https:\\\/\\\/www.calfusterdetous.com\\\/#\\\/schema\\\/logo\\\/image\\\/\",\"url\":\"https:\\\/\\\/www.calfusterdetous.com\\\/wp-content\\\/uploads\\\/2020\\\/04\\\/Recurso-2@2x.png\",\"contentUrl\":\"https:\\\/\\\/www.calfusterdetous.com\\\/wp-content\\\/uploads\\\/2020\\\/04\\\/Recurso-2@2x.png\",\"width\":441,\"height\":171,\"caption\":\"Cal Fuster de la pla\u00e7a\"},\"image\":{\"@id\":\"https:\\\/\\\/www.calfusterdetous.com\\\/#\\\/schema\\\/logo\\\/image\\\/\"}},{\"@type\":\"Person\",\"@id\":\"https:\\\/\\\/www.calfusterdetous.com\\\/#\\\/schema\\\/person\\\/7e88133b30365a368352e4b1632dfcbf\",\"name\":\"miriam@hipo.tv\",\"image\":{\"@type\":\"ImageObject\",\"inLanguage\":\"en-GB\",\"@id\":\"https:\\\/\\\/secure.gravatar.com\\\/avatar\\\/be02b06539cf4bd0897e7b270832773daa8fa7279004b6f5b6d8c1b2ec3e4ffe?s=96&d=mm&r=g\",\"url\":\"https:\\\/\\\/secure.gravatar.com\\\/avatar\\\/be02b06539cf4bd0897e7b270832773daa8fa7279004b6f5b6d8c1b2ec3e4ffe?s=96&d=mm&r=g\",\"contentUrl\":\"https:\\\/\\\/secure.gravatar.com\\\/avatar\\\/be02b06539cf4bd0897e7b270832773daa8fa7279004b6f5b6d8c1b2ec3e4ffe?s=96&d=mm&r=g\",\"caption\":\"miriam@hipo.tv\"},\"url\":\"https:\\\/\\\/www.calfusterdetous.com\\\/eng\\\/author\\\/miriamhipo-tv\\\/\"}]}<\/script>\n<!-- \/ Yoast SEO plugin. -->","yoast_head_json":{"title":"Viu La Mostra\u2026 i allarga l\u2019experi\u00e8ncia - Cal Fuster de la pla\u00e7a","description":"Viu La Mostra Igualada i allotja\u2019t a Cal Fuster de la Pla\u00e7a. Gaudeix del festival i descansa en una casa rural amb encant.","robots":{"index":"index","follow":"follow","max-snippet":"max-snippet:-1","max-image-preview":"max-image-preview:large","max-video-preview":"max-video-preview:-1"},"canonical":"https:\/\/www.calfusterdetous.com\/eng\/viu-la-mostra-i-allarga-lexperiencia\/","og_locale":"en_GB","og_type":"article","og_title":"Viu La Mostra\u2026 i allarga l\u2019experi\u00e8ncia - Cal Fuster de la pla\u00e7a","og_description":"Viu La Mostra Igualada i allotja\u2019t a Cal Fuster de la Pla\u00e7a. Gaudeix del festival i descansa en una casa rural amb encant.","og_url":"https:\/\/www.calfusterdetous.com\/eng\/viu-la-mostra-i-allarga-lexperiencia\/","og_site_name":"Cal Fuster de la pla\u00e7a","article_published_time":"2026-03-17T17:19:28+00:00","article_modified_time":"2026-03-17T17:23:39+00:00","og_image":[{"width":832,"height":504,"url":"https:\/\/www.calfusterdetous.com\/wp-content\/uploads\/2026\/03\/cartell-mostra-logos2026.png_410792385.png","type":"image\/png"}],"author":"miriam@hipo.tv","twitter_card":"summary_large_image","twitter_misc":{"Written by":"miriam@hipo.tv","Estimated reading time":"2 minutes"},"schema":{"@context":"https:\/\/schema.org","@graph":[{"@type":"Article","@id":"https:\/\/www.calfusterdetous.com\/viu-la-mostra-i-allarga-lexperiencia\/#article","isPartOf":{"@id":"https:\/\/www.calfusterdetous.com\/viu-la-mostra-i-allarga-lexperiencia\/"},"author":{"name":"miriam@hipo.tv","@id":"https:\/\/www.calfusterdetous.com\/#\/schema\/person\/7e88133b30365a368352e4b1632dfcbf"},"headline":"Viu La Mostra\u2026 i allarga l\u2019experi\u00e8ncia","datePublished":"2026-03-17T17:19:28+00:00","dateModified":"2026-03-17T17:23:39+00:00","mainEntityOfPage":{"@id":"https:\/\/www.calfusterdetous.com\/viu-la-mostra-i-allarga-lexperiencia\/"},"wordCount":230,"publisher":{"@id":"https:\/\/www.calfusterdetous.com\/#organization"},"image":{"@id":"https:\/\/www.calfusterdetous.com\/viu-la-mostra-i-allarga-lexperiencia\/#primaryimage"},"thumbnailUrl":"https:\/\/www.calfusterdetous.com\/wp-content\/uploads\/2026\/03\/cartell-mostra-logos2026.png_410792385.png","keywords":["Anoia","Igualada","Mostra Igualada","turisme rural"],"articleSection":["Blog","Not\u00edcies"],"inLanguage":"en-GB"},{"@type":"WebPage","@id":"https:\/\/www.calfusterdetous.com\/viu-la-mostra-i-allarga-lexperiencia\/","url":"https:\/\/www.calfusterdetous.com\/viu-la-mostra-i-allarga-lexperiencia\/","name":"Viu La Mostra\u2026 i allarga l\u2019experi\u00e8ncia - Cal Fuster de la pla\u00e7a","isPartOf":{"@id":"https:\/\/www.calfusterdetous.com\/#website"},"primaryImageOfPage":{"@id":"https:\/\/www.calfusterdetous.com\/viu-la-mostra-i-allarga-lexperiencia\/#primaryimage"},"image":{"@id":"https:\/\/www.calfusterdetous.com\/viu-la-mostra-i-allarga-lexperiencia\/#primaryimage"},"thumbnailUrl":"https:\/\/www.calfusterdetous.com\/wp-content\/uploads\/2026\/03\/cartell-mostra-logos2026.png_410792385.png","datePublished":"2026-03-17T17:19:28+00:00","dateModified":"2026-03-17T17:23:39+00:00","description":"Viu La Mostra Igualada i allotja\u2019t a Cal Fuster de la Pla\u00e7a. Gaudeix del festival i descansa en una casa rural amb encant.","breadcrumb":{"@id":"https:\/\/www.calfusterdetous.com\/viu-la-mostra-i-allarga-lexperiencia\/#breadcrumb"},"inLanguage":"en-GB","potentialAction":[{"@type":"ReadAction","target":["https:\/\/www.calfusterdetous.com\/viu-la-mostra-i-allarga-lexperiencia\/"]}]},{"@type":"ImageObject","inLanguage":"en-GB","@id":"https:\/\/www.calfusterdetous.com\/viu-la-mostra-i-allarga-lexperiencia\/#primaryimage","url":"https:\/\/www.calfusterdetous.com\/wp-content\/uploads\/2026\/03\/cartell-mostra-logos2026.png_410792385.png","contentUrl":"https:\/\/www.calfusterdetous.com\/wp-content\/uploads\/2026\/03\/cartell-mostra-logos2026.png_410792385.png","width":832,"height":504},{"@type":"BreadcrumbList","@id":"https:\/\/www.calfusterdetous.com\/viu-la-mostra-i-allarga-lexperiencia\/#breadcrumb","itemListElement":[{"@type":"ListItem","position":1,"name":"Portada","item":"https:\/\/www.calfusterdetous.com\/"},{"@type":"ListItem","position":2,"name":"Viu La Mostra\u2026 i allarga l\u2019experi\u00e8ncia"}]},{"@type":"WebSite","@id":"https:\/\/www.calfusterdetous.com\/#website","url":"https:\/\/www.calfusterdetous.com\/","name":"Carpenter of the square is needed","description":"Es una acogedora casa rural en Sant Mart\u00ed de Tous, ofreciendo cinco habitaciones \u00fanicas y espacios comunes llenos de historia y leyendas locales.","publisher":{"@id":"https:\/\/www.calfusterdetous.com\/#organization"},"potentialAction":[{"@type":"SearchAction","target":{"@type":"EntryPoint","urlTemplate":"https:\/\/www.calfusterdetous.com\/?s={search_term_string}"},"query-input":{"@type":"PropertyValueSpecification","valueRequired":true,"valueName":"search_term_string"}}],"inLanguage":"en-GB"},{"@type":"Organization","@id":"https:\/\/www.calfusterdetous.com\/#organization","name":"Carpenter of the square is needed","url":"https:\/\/www.calfusterdetous.com\/","logo":{"@type":"ImageObject","inLanguage":"en-GB","@id":"https:\/\/www.calfusterdetous.com\/#\/schema\/logo\/image\/","url":"https:\/\/www.calfusterdetous.com\/wp-content\/uploads\/2020\/04\/Recurso-2@2x.png","contentUrl":"https:\/\/www.calfusterdetous.com\/wp-content\/uploads\/2020\/04\/Recurso-2@2x.png","width":441,"height":171,"caption":"Cal Fuster de la pla\u00e7a"},"image":{"@id":"https:\/\/www.calfusterdetous.com\/#\/schema\/logo\/image\/"}},{"@type":"Person","@id":"https:\/\/www.calfusterdetous.com\/#\/schema\/person\/7e88133b30365a368352e4b1632dfcbf","name":"miriam@hipo.tv","image":{"@type":"ImageObject","inLanguage":"en-GB","@id":"https:\/\/secure.gravatar.com\/avatar\/be02b06539cf4bd0897e7b270832773daa8fa7279004b6f5b6d8c1b2ec3e4ffe?s=96&d=mm&r=g","url":"https:\/\/secure.gravatar.com\/avatar\/be02b06539cf4bd0897e7b270832773daa8fa7279004b6f5b6d8c1b2ec3e4ffe?s=96&d=mm&r=g","contentUrl":"https:\/\/secure.gravatar.com\/avatar\/be02b06539cf4bd0897e7b270832773daa8fa7279004b6f5b6d8c1b2ec3e4ffe?s=96&d=mm&r=g","caption":"miriam@hipo.tv"},"url":"https:\/\/www.calfusterdetous.com\/eng\/author\/miriamhipo-tv\/"}]}},"_links":{"self":[{"href":"https:\/\/www.calfusterdetous.com\/eng\/wp-json\/wp\/v2\/posts\/27695","targetHints":{"allow":["GET"]}}],"collection":[{"href":"https:\/\/www.calfusterdetous.com\/eng\/wp-json\/wp\/v2\/posts"}],"about":[{"href":"https:\/\/www.calfusterdetous.com\/eng\/wp-json\/wp\/v2\/types\/post"}],"author":[{"embeddable":true,"href":"https:\/\/www.calfusterdetous.com\/eng\/wp-json\/wp\/v2\/users\/3"}],"replies":[{"embeddable":true,"href":"https:\/\/www.calfusterdetous.com\/eng\/wp-json\/wp\/v2\/comments?post=27695"}],"version-history":[{"count":2,"href":"https:\/\/www.calfusterdetous.com\/eng\/wp-json\/wp\/v2\/posts\/27695\/revisions"}],"predecessor-version":[{"id":27698,"href":"https:\/\/www.calfusterdetous.com\/eng\/wp-json\/wp\/v2\/posts\/27695\/revisions\/27698"}],"wp:featuredmedia":[{"embeddable":true,"href":"https:\/\/www.calfusterdetous.com\/eng\/wp-json\/wp\/v2\/media\/27699"}],"wp:attachment":[{"href":"https:\/\/www.calfusterdetous.com\/eng\/wp-json\/wp\/v2\/media?parent=27695"}],"wp:term":[{"taxonomy":"category","embeddable":true,"href":"https:\/\/www.calfusterdetous.com\/eng\/wp-json\/wp\/v2\/categories?post=27695"},{"taxonomy":"post_tag","embeddable":true,"href":"https:\/\/www.calfusterdetous.com\/eng\/wp-json\/wp\/v2\/tags?post=27695"}],"curies":[{"name":"wp","href":"https:\/\/api.w.org\/{rel}","templated":true}]}}