{"id":27867,"date":"2026-09-01T12:14:53","date_gmt":"2026-09-01T12:14:53","guid":{"rendered":"https:\/\/www.calfusterdetous.com\/?p=27867"},"modified":"2026-09-01T12:16:57","modified_gmt":"2026-09-01T12:16:57","slug":"firanoia-2026-artesania-comerc-i-tradicio-al-cor-de-lanoia","status":"publish","type":"post","link":"https:\/\/www.calfusterdetous.com\/eng\/firanoia-2026-artesania-comerc-i-tradicio-al-cor-de-lanoia\/","title":{"rendered":"FirAnoia 2026: artesania, comer\u00e7 i tradici\u00f3 al cor de l\u2019Anoia"},"content":{"rendered":"<p class=\"wp-block-paragraph translation-block\">Si tens ganes de fer una escapada a l\u2019Anoia aquest setembre, <strong>FirAnoia<\/strong> \u00e9s una d\u2019aquelles cites que val la pena tenir a l\u2019agenda. Els dies <strong>18, 19 i 20 de setembre de 2026<\/strong>, Igualada acull la <strong>73a edici\u00f3 de la Fira Multisectorial de la Catalunya Central<\/strong>, un gran aparador del comer\u00e7, la cultura i la vida social de la comarca.<\/p>\n\n\n\n<p class=\"wp-block-paragraph translation-block\">Durant tot el cap de setmana, el <strong>Passeig Verdaguer i la Pla\u00e7a de Cal Font<\/strong> es convertiran en un punt de trobada per descobrir una gran varietat de propostes a trav\u00e9s de les diferents fires que formen FirAnoia: la multisectorial, l\u2019automoci\u00f3, l\u2019artesania i les entitats.<\/p>\n\n\n\n<h3 class=\"wp-block-heading\">Una edici\u00f3 dedicada als oficis i l\u2019artesania local<\/h3>\n\n\n\n<p class=\"wp-block-paragraph\">Aquest 2026, FirAnoia posa especialment el focus en els <strong>oficis i l\u2019artesania local<\/strong>, reivindicant el valor dels artesans, els productors i les tradicions del territori.<\/p>\n\n\n\n<p class=\"wp-block-paragraph\">Una oportunitat per con\u00e8ixer de prop projectes, productes i oficis que formen part del patrimoni de la comarca i que, alhora, tenen un paper important en el seu futur.<\/p>\n\n\n\n<h3 class=\"wp-block-heading\">Una bona excusa per descobrir l\u2019Anoia<\/h3>\n\n\n\n<p class=\"wp-block-paragraph\">Visitar FirAnoia pot ser tamb\u00e9 el punt de partida per gaudir d\u2019un cap de setmana a l\u2019Anoia. Despr\u00e9s de passejar pels estands i descobrir les propostes de la fira, podeu aprofitar l\u2019estada per con\u00e8ixer <strong>Igualada i els municipis de l\u2019entorn<\/strong>, gaudir de la gastronomia local o descobrir alguns dels paisatges i camins de la comarca.<\/p>\n\n\n\n<p class=\"wp-block-paragraph\">I si busqueu un lloc tranquil on allotjar-vos, <strong>Cal Fuster de la Pla\u00e7a<\/strong>, a Sant Mart\u00ed de Tous, \u00e9s una opci\u00f3 ideal per combinar la visita a la fira amb uns dies de descans en un entorn rural.<\/p>\n\n\n\n<h3 class=\"wp-block-heading\">\ud83d\udcc5 FirAnoia 2026<\/h3>\n\n\n\n<p class=\"wp-block-paragraph\"><strong>18, 19 i 20 de setembre de 2026<\/strong><br>\ud83d\udccd Passeig Verdaguer i Pla\u00e7a de Cal Font \u00b7 Igualada<\/p>\n\n\n\n<p class=\"wp-block-paragraph\"><strong>Horaris:<\/strong><\/p>\n\n\n\n<ul class=\"wp-block-list\">\n<li class=\"translation-block\"><strong>Divendres:<\/strong> de 17 a 21 h<\/li>\n\n\n\n<li class=\"translation-block\"><strong>Dissabte:<\/strong> de 10 a 14.30 h i de 17 a 21 h<\/li>\n\n\n\n<li class=\"translation-block\"><strong>Diumenge:<\/strong> de 10 a 14.30 h i de 17 a 20 h<\/li>\n<\/ul>\n\n\n\n<p class=\"wp-block-paragraph\">Si encara no coneixes FirAnoia, aquest setembre pot ser un bon moment per descobrir-la i, de pas, regalar-te una escapada per l\u2019Anoia.<\/p>","protected":false},"excerpt":{"rendered":"<p>Si tens ganes de fer una escapada a l\u2019Anoia aquest setembre, FirAnoia \u00e9s una d\u2019aquelles cites que val la pena tenir a l\u2019agenda. Els dies 18, 19 i 20 de setembre de 2026, Igualada acull la 73a edici\u00f3 de la [&hellip;]<\/p>\n","protected":false},"author":3,"featured_media":27869,"comment_status":"closed","ping_status":"closed","sticky":false,"template":"","format":"standard","meta":{"_monsterinsights_skip_tracking":false,"footnotes":""},"categories":[210,237],"tags":[284,281,239,259],"class_list":["post-27867","post","type-post","status-publish","format-standard","has-post-thumbnail","hentry","category-blog","category-noticies","tag-firanoia","tag-igualada","tag-sant-marti-de-tous","tag-turismerural"],"yoast_head":"<!-- This site is optimized with the Yoast SEO plugin v27.7 - https:\/\/yoast.com\/product\/yoast-seo-wordpress\/ -->\n<title>FirAnoia 2026: artesania, comer\u00e7 i tradici\u00f3 al cor de l\u2019Anoia - Cal Fuster de la pla\u00e7a<\/title>\n<meta name=\"description\" content=\"Del 6 al 9 de maig, Igualada torna a convertir-se en l\u2019epicentre de la moda, la creativitat i la cultura amb una nova edici\u00f3 del Rec.0. Durant aquests dies, el barri del Rec es transforma en un gran espai de shopping \u00fanic, on antics espais industrials obren les seves portes per acollir marques de moda, dissenyadors, pop-up stores i propostes gastron\u00f2miques irresistibles.\" \/>\n<meta name=\"robots\" content=\"index, follow, max-snippet:-1, max-image-preview:large, max-video-preview:-1\" \/>\n<link rel=\"canonical\" href=\"https:\/\/www.calfusterdetous.com\/eng\/firanoia-2026-artesania-comerc-i-tradicio-al-cor-de-lanoia\/\" \/>\n<meta property=\"og:locale\" content=\"en_GB\" \/>\n<meta property=\"og:type\" content=\"article\" \/>\n<meta property=\"og:title\" content=\"FirAnoia 2026: artesania, comer\u00e7 i tradici\u00f3 al cor de l\u2019Anoia - Cal Fuster de la pla\u00e7a\" \/>\n<meta property=\"og:description\" content=\"Del 6 al 9 de maig, Igualada torna a convertir-se en l\u2019epicentre de la moda, la creativitat i la cultura amb una nova edici\u00f3 del Rec.0. Durant aquests dies, el barri del Rec es transforma en un gran espai de shopping \u00fanic, on antics espais industrials obren les seves portes per acollir marques de moda, dissenyadors, pop-up stores i propostes gastron\u00f2miques irresistibles.\" \/>\n<meta property=\"og:url\" content=\"https:\/\/www.calfusterdetous.com\/eng\/firanoia-2026-artesania-comerc-i-tradicio-al-cor-de-lanoia\/\" \/>\n<meta property=\"og:site_name\" content=\"Cal Fuster de la pla\u00e7a\" \/>\n<meta property=\"article:published_time\" content=\"2026-09-01T12:14:53+00:00\" \/>\n<meta property=\"article:modified_time\" content=\"2026-09-01T12:16:57+00:00\" \/>\n<meta property=\"og:image\" content=\"https:\/\/www.calfusterdetous.com\/wp-content\/uploads\/2026\/09\/WhatsApp-Image-2026-09-01-at-14.10.47-e1788265003554.jpeg\" \/>\n\t<meta property=\"og:image:width\" content=\"1204\" \/>\n\t<meta property=\"og:image:height\" content=\"870\" \/>\n\t<meta property=\"og:image:type\" content=\"image\/jpeg\" \/>\n<meta name=\"author\" content=\"miriam@hipo.tv\" \/>\n<meta name=\"twitter:card\" content=\"summary_large_image\" \/>\n<meta name=\"twitter:label1\" content=\"Written by\" \/>\n\t<meta name=\"twitter:data1\" content=\"miriam@hipo.tv\" \/>\n\t<meta name=\"twitter:label2\" content=\"Estimated reading time\" \/>\n\t<meta name=\"twitter:data2\" content=\"2 minutes\" \/>\n<script type=\"application\/ld+json\" class=\"yoast-schema-graph\">{\"@context\":\"https:\\\/\\\/schema.org\",\"@graph\":[{\"@type\":\"Article\",\"@id\":\"https:\\\/\\\/www.calfusterdetous.com\\\/firanoia-2026-artesania-comerc-i-tradicio-al-cor-de-lanoia\\\/#article\",\"isPartOf\":{\"@id\":\"https:\\\/\\\/www.calfusterdetous.com\\\/firanoia-2026-artesania-comerc-i-tradicio-al-cor-de-lanoia\\\/\"},\"author\":{\"name\":\"miriam@hipo.tv\",\"@id\":\"https:\\\/\\\/www.calfusterdetous.com\\\/#\\\/schema\\\/person\\\/7e88133b30365a368352e4b1632dfcbf\"},\"headline\":\"FirAnoia 2026: artesania, comer\u00e7 i tradici\u00f3 al cor de l\u2019Anoia\",\"datePublished\":\"2026-09-01T12:14:53+00:00\",\"dateModified\":\"2026-09-01T12:16:57+00:00\",\"mainEntityOfPage\":{\"@id\":\"https:\\\/\\\/www.calfusterdetous.com\\\/firanoia-2026-artesania-comerc-i-tradicio-al-cor-de-lanoia\\\/\"},\"wordCount\":347,\"publisher\":{\"@id\":\"https:\\\/\\\/www.calfusterdetous.com\\\/#organization\"},\"image\":{\"@id\":\"https:\\\/\\\/www.calfusterdetous.com\\\/firanoia-2026-artesania-comerc-i-tradicio-al-cor-de-lanoia\\\/#primaryimage\"},\"thumbnailUrl\":\"https:\\\/\\\/www.calfusterdetous.com\\\/wp-content\\\/uploads\\\/2026\\\/09\\\/WhatsApp-Image-2026-09-01-at-14.10.47-e1788265003554.jpeg\",\"keywords\":[\"FirAnoia\",\"Igualada\",\"Sant Mart\u00ed de Tous\",\"turismerural\"],\"articleSection\":[\"Blog\",\"Not\u00edcies\"],\"inLanguage\":\"en-GB\"},{\"@type\":\"WebPage\",\"@id\":\"https:\\\/\\\/www.calfusterdetous.com\\\/firanoia-2026-artesania-comerc-i-tradicio-al-cor-de-lanoia\\\/\",\"url\":\"https:\\\/\\\/www.calfusterdetous.com\\\/firanoia-2026-artesania-comerc-i-tradicio-al-cor-de-lanoia\\\/\",\"name\":\"FirAnoia 2026: artesania, comer\u00e7 i tradici\u00f3 al cor de l\u2019Anoia - Cal Fuster de la pla\u00e7a\",\"isPartOf\":{\"@id\":\"https:\\\/\\\/www.calfusterdetous.com\\\/#website\"},\"primaryImageOfPage\":{\"@id\":\"https:\\\/\\\/www.calfusterdetous.com\\\/firanoia-2026-artesania-comerc-i-tradicio-al-cor-de-lanoia\\\/#primaryimage\"},\"image\":{\"@id\":\"https:\\\/\\\/www.calfusterdetous.com\\\/firanoia-2026-artesania-comerc-i-tradicio-al-cor-de-lanoia\\\/#primaryimage\"},\"thumbnailUrl\":\"https:\\\/\\\/www.calfusterdetous.com\\\/wp-content\\\/uploads\\\/2026\\\/09\\\/WhatsApp-Image-2026-09-01-at-14.10.47-e1788265003554.jpeg\",\"datePublished\":\"2026-09-01T12:14:53+00:00\",\"dateModified\":\"2026-09-01T12:16:57+00:00\",\"description\":\"Del 6 al 9 de maig, Igualada torna a convertir-se en l\u2019epicentre de la moda, la creativitat i la cultura amb una nova edici\u00f3 del Rec.0. Durant aquests dies, el barri del Rec es transforma en un gran espai de shopping \u00fanic, on antics espais industrials obren les seves portes per acollir marques de moda, dissenyadors, pop-up stores i propostes gastron\u00f2miques irresistibles.\",\"breadcrumb\":{\"@id\":\"https:\\\/\\\/www.calfusterdetous.com\\\/firanoia-2026-artesania-comerc-i-tradicio-al-cor-de-lanoia\\\/#breadcrumb\"},\"inLanguage\":\"en-GB\",\"potentialAction\":[{\"@type\":\"ReadAction\",\"target\":[\"https:\\\/\\\/www.calfusterdetous.com\\\/firanoia-2026-artesania-comerc-i-tradicio-al-cor-de-lanoia\\\/\"]}]},{\"@type\":\"ImageObject\",\"inLanguage\":\"en-GB\",\"@id\":\"https:\\\/\\\/www.calfusterdetous.com\\\/firanoia-2026-artesania-comerc-i-tradicio-al-cor-de-lanoia\\\/#primaryimage\",\"url\":\"https:\\\/\\\/www.calfusterdetous.com\\\/wp-content\\\/uploads\\\/2026\\\/09\\\/WhatsApp-Image-2026-09-01-at-14.10.47-e1788265003554.jpeg\",\"contentUrl\":\"https:\\\/\\\/www.calfusterdetous.com\\\/wp-content\\\/uploads\\\/2026\\\/09\\\/WhatsApp-Image-2026-09-01-at-14.10.47-e1788265003554.jpeg\",\"width\":1204,\"height\":870},{\"@type\":\"BreadcrumbList\",\"@id\":\"https:\\\/\\\/www.calfusterdetous.com\\\/firanoia-2026-artesania-comerc-i-tradicio-al-cor-de-lanoia\\\/#breadcrumb\",\"itemListElement\":[{\"@type\":\"ListItem\",\"position\":1,\"name\":\"Portada\",\"item\":\"https:\\\/\\\/www.calfusterdetous.com\\\/\"},{\"@type\":\"ListItem\",\"position\":2,\"name\":\"FirAnoia 2026: artesania, comer\u00e7 i tradici\u00f3 al cor de l\u2019Anoia\"}]},{\"@type\":\"WebSite\",\"@id\":\"https:\\\/\\\/www.calfusterdetous.com\\\/#website\",\"url\":\"https:\\\/\\\/www.calfusterdetous.com\\\/\",\"name\":\"Cal Fuster de la pla\u00e7a\",\"description\":\"Es una acogedora casa rural en Sant Mart\u00ed de Tous, ofreciendo cinco habitaciones \u00fanicas y espacios comunes llenos de historia y leyendas locales. \",\"publisher\":{\"@id\":\"https:\\\/\\\/www.calfusterdetous.com\\\/#organization\"},\"potentialAction\":[{\"@type\":\"SearchAction\",\"target\":{\"@type\":\"EntryPoint\",\"urlTemplate\":\"https:\\\/\\\/www.calfusterdetous.com\\\/?s={search_term_string}\"},\"query-input\":{\"@type\":\"PropertyValueSpecification\",\"valueRequired\":true,\"valueName\":\"search_term_string\"}}],\"inLanguage\":\"en-GB\"},{\"@type\":\"Organization\",\"@id\":\"https:\\\/\\\/www.calfusterdetous.com\\\/#organization\",\"name\":\"Cal Fuster de la pla\u00e7a\",\"url\":\"https:\\\/\\\/www.calfusterdetous.com\\\/\",\"logo\":{\"@type\":\"ImageObject\",\"inLanguage\":\"en-GB\",\"@id\":\"https:\\\/\\\/www.calfusterdetous.com\\\/#\\\/schema\\\/logo\\\/image\\\/\",\"url\":\"https:\\\/\\\/www.calfusterdetous.com\\\/wp-content\\\/uploads\\\/2020\\\/04\\\/Recurso-2@2x.png\",\"contentUrl\":\"https:\\\/\\\/www.calfusterdetous.com\\\/wp-content\\\/uploads\\\/2020\\\/04\\\/Recurso-2@2x.png\",\"width\":441,\"height\":171,\"caption\":\"Cal Fuster de la pla\u00e7a\"},\"image\":{\"@id\":\"https:\\\/\\\/www.calfusterdetous.com\\\/#\\\/schema\\\/logo\\\/image\\\/\"}},{\"@type\":\"Person\",\"@id\":\"https:\\\/\\\/www.calfusterdetous.com\\\/#\\\/schema\\\/person\\\/7e88133b30365a368352e4b1632dfcbf\",\"name\":\"miriam@hipo.tv\",\"image\":{\"@type\":\"ImageObject\",\"inLanguage\":\"en-GB\",\"@id\":\"https:\\\/\\\/secure.gravatar.com\\\/avatar\\\/be02b06539cf4bd0897e7b270832773daa8fa7279004b6f5b6d8c1b2ec3e4ffe?s=96&d=mm&r=g\",\"url\":\"https:\\\/\\\/secure.gravatar.com\\\/avatar\\\/be02b06539cf4bd0897e7b270832773daa8fa7279004b6f5b6d8c1b2ec3e4ffe?s=96&d=mm&r=g\",\"contentUrl\":\"https:\\\/\\\/secure.gravatar.com\\\/avatar\\\/be02b06539cf4bd0897e7b270832773daa8fa7279004b6f5b6d8c1b2ec3e4ffe?s=96&d=mm&r=g\",\"caption\":\"miriam@hipo.tv\"},\"url\":\"https:\\\/\\\/www.calfusterdetous.com\\\/eng\\\/author\\\/miriamhipo-tv\\\/\"}]}<\/script>\n<!-- \/ Yoast SEO plugin. -->","yoast_head_json":{"title":"FirAnoia 2026: artesania, comer\u00e7 i tradici\u00f3 al cor de l\u2019Anoia - Cal Fuster de la pla\u00e7a","description":"Del 6 al 9 de maig, Igualada torna a convertir-se en l\u2019epicentre de la moda, la creativitat i la cultura amb una nova edici\u00f3 del Rec.0. Durant aquests dies, el barri del Rec es transforma en un gran espai de shopping \u00fanic, on antics espais industrials obren les seves portes per acollir marques de moda, dissenyadors, pop-up stores i propostes gastron\u00f2miques irresistibles.","robots":{"index":"index","follow":"follow","max-snippet":"max-snippet:-1","max-image-preview":"max-image-preview:large","max-video-preview":"max-video-preview:-1"},"canonical":"https:\/\/www.calfusterdetous.com\/eng\/firanoia-2026-artesania-comerc-i-tradicio-al-cor-de-lanoia\/","og_locale":"en_GB","og_type":"article","og_title":"FirAnoia 2026: artesania, comer\u00e7 i tradici\u00f3 al cor de l\u2019Anoia - Cal Fuster de la pla\u00e7a","og_description":"Del 6 al 9 de maig, Igualada torna a convertir-se en l\u2019epicentre de la moda, la creativitat i la cultura amb una nova edici\u00f3 del Rec.0. Durant aquests dies, el barri del Rec es transforma en un gran espai de shopping \u00fanic, on antics espais industrials obren les seves portes per acollir marques de moda, dissenyadors, pop-up stores i propostes gastron\u00f2miques irresistibles.","og_url":"https:\/\/www.calfusterdetous.com\/eng\/firanoia-2026-artesania-comerc-i-tradicio-al-cor-de-lanoia\/","og_site_name":"Cal Fuster de la pla\u00e7a","article_published_time":"2026-09-01T12:14:53+00:00","article_modified_time":"2026-09-01T12:16:57+00:00","og_image":[{"width":1204,"height":870,"url":"https:\/\/www.calfusterdetous.com\/wp-content\/uploads\/2026\/09\/WhatsApp-Image-2026-09-01-at-14.10.47-e1788265003554.jpeg","type":"image\/jpeg"}],"author":"miriam@hipo.tv","twitter_card":"summary_large_image","twitter_misc":{"Written by":"miriam@hipo.tv","Estimated reading time":"2 minutes"},"schema":{"@context":"https:\/\/schema.org","@graph":[{"@type":"Article","@id":"https:\/\/www.calfusterdetous.com\/firanoia-2026-artesania-comerc-i-tradicio-al-cor-de-lanoia\/#article","isPartOf":{"@id":"https:\/\/www.calfusterdetous.com\/firanoia-2026-artesania-comerc-i-tradicio-al-cor-de-lanoia\/"},"author":{"name":"miriam@hipo.tv","@id":"https:\/\/www.calfusterdetous.com\/#\/schema\/person\/7e88133b30365a368352e4b1632dfcbf"},"headline":"FirAnoia 2026: artesania, comer\u00e7 i tradici\u00f3 al cor de l\u2019Anoia","datePublished":"2026-09-01T12:14:53+00:00","dateModified":"2026-09-01T12:16:57+00:00","mainEntityOfPage":{"@id":"https:\/\/www.calfusterdetous.com\/firanoia-2026-artesania-comerc-i-tradicio-al-cor-de-lanoia\/"},"wordCount":347,"publisher":{"@id":"https:\/\/www.calfusterdetous.com\/#organization"},"image":{"@id":"https:\/\/www.calfusterdetous.com\/firanoia-2026-artesania-comerc-i-tradicio-al-cor-de-lanoia\/#primaryimage"},"thumbnailUrl":"https:\/\/www.calfusterdetous.com\/wp-content\/uploads\/2026\/09\/WhatsApp-Image-2026-09-01-at-14.10.47-e1788265003554.jpeg","keywords":["FirAnoia","Igualada","Sant Mart\u00ed de Tous","turismerural"],"articleSection":["Blog","Not\u00edcies"],"inLanguage":"en-GB"},{"@type":"WebPage","@id":"https:\/\/www.calfusterdetous.com\/firanoia-2026-artesania-comerc-i-tradicio-al-cor-de-lanoia\/","url":"https:\/\/www.calfusterdetous.com\/firanoia-2026-artesania-comerc-i-tradicio-al-cor-de-lanoia\/","name":"FirAnoia 2026: artesania, comer\u00e7 i tradici\u00f3 al cor de l\u2019Anoia - Cal Fuster de la pla\u00e7a","isPartOf":{"@id":"https:\/\/www.calfusterdetous.com\/#website"},"primaryImageOfPage":{"@id":"https:\/\/www.calfusterdetous.com\/firanoia-2026-artesania-comerc-i-tradicio-al-cor-de-lanoia\/#primaryimage"},"image":{"@id":"https:\/\/www.calfusterdetous.com\/firanoia-2026-artesania-comerc-i-tradicio-al-cor-de-lanoia\/#primaryimage"},"thumbnailUrl":"https:\/\/www.calfusterdetous.com\/wp-content\/uploads\/2026\/09\/WhatsApp-Image-2026-09-01-at-14.10.47-e1788265003554.jpeg","datePublished":"2026-09-01T12:14:53+00:00","dateModified":"2026-09-01T12:16:57+00:00","description":"Del 6 al 9 de maig, Igualada torna a convertir-se en l\u2019epicentre de la moda, la creativitat i la cultura amb una nova edici\u00f3 del Rec.0. Durant aquests dies, el barri del Rec es transforma en un gran espai de shopping \u00fanic, on antics espais industrials obren les seves portes per acollir marques de moda, dissenyadors, pop-up stores i propostes gastron\u00f2miques irresistibles.","breadcrumb":{"@id":"https:\/\/www.calfusterdetous.com\/firanoia-2026-artesania-comerc-i-tradicio-al-cor-de-lanoia\/#breadcrumb"},"inLanguage":"en-GB","potentialAction":[{"@type":"ReadAction","target":["https:\/\/www.calfusterdetous.com\/firanoia-2026-artesania-comerc-i-tradicio-al-cor-de-lanoia\/"]}]},{"@type":"ImageObject","inLanguage":"en-GB","@id":"https:\/\/www.calfusterdetous.com\/firanoia-2026-artesania-comerc-i-tradicio-al-cor-de-lanoia\/#primaryimage","url":"https:\/\/www.calfusterdetous.com\/wp-content\/uploads\/2026\/09\/WhatsApp-Image-2026-09-01-at-14.10.47-e1788265003554.jpeg","contentUrl":"https:\/\/www.calfusterdetous.com\/wp-content\/uploads\/2026\/09\/WhatsApp-Image-2026-09-01-at-14.10.47-e1788265003554.jpeg","width":1204,"height":870},{"@type":"BreadcrumbList","@id":"https:\/\/www.calfusterdetous.com\/firanoia-2026-artesania-comerc-i-tradicio-al-cor-de-lanoia\/#breadcrumb","itemListElement":[{"@type":"ListItem","position":1,"name":"Portada","item":"https:\/\/www.calfusterdetous.com\/"},{"@type":"ListItem","position":2,"name":"FirAnoia 2026: artesania, comer\u00e7 i tradici\u00f3 al cor de l\u2019Anoia"}]},{"@type":"WebSite","@id":"https:\/\/www.calfusterdetous.com\/#website","url":"https:\/\/www.calfusterdetous.com\/","name":"Carpenter of the square is needed","description":"Es una acogedora casa rural en Sant Mart\u00ed de Tous, ofreciendo cinco habitaciones \u00fanicas y espacios comunes llenos de historia y leyendas locales.","publisher":{"@id":"https:\/\/www.calfusterdetous.com\/#organization"},"potentialAction":[{"@type":"SearchAction","target":{"@type":"EntryPoint","urlTemplate":"https:\/\/www.calfusterdetous.com\/?s={search_term_string}"},"query-input":{"@type":"PropertyValueSpecification","valueRequired":true,"valueName":"search_term_string"}}],"inLanguage":"en-GB"},{"@type":"Organization","@id":"https:\/\/www.calfusterdetous.com\/#organization","name":"Carpenter of the square is needed","url":"https:\/\/www.calfusterdetous.com\/","logo":{"@type":"ImageObject","inLanguage":"en-GB","@id":"https:\/\/www.calfusterdetous.com\/#\/schema\/logo\/image\/","url":"https:\/\/www.calfusterdetous.com\/wp-content\/uploads\/2020\/04\/Recurso-2@2x.png","contentUrl":"https:\/\/www.calfusterdetous.com\/wp-content\/uploads\/2020\/04\/Recurso-2@2x.png","width":441,"height":171,"caption":"Cal Fuster de la pla\u00e7a"},"image":{"@id":"https:\/\/www.calfusterdetous.com\/#\/schema\/logo\/image\/"}},{"@type":"Person","@id":"https:\/\/www.calfusterdetous.com\/#\/schema\/person\/7e88133b30365a368352e4b1632dfcbf","name":"miriam@hipo.tv","image":{"@type":"ImageObject","inLanguage":"en-GB","@id":"https:\/\/secure.gravatar.com\/avatar\/be02b06539cf4bd0897e7b270832773daa8fa7279004b6f5b6d8c1b2ec3e4ffe?s=96&d=mm&r=g","url":"https:\/\/secure.gravatar.com\/avatar\/be02b06539cf4bd0897e7b270832773daa8fa7279004b6f5b6d8c1b2ec3e4ffe?s=96&d=mm&r=g","contentUrl":"https:\/\/secure.gravatar.com\/avatar\/be02b06539cf4bd0897e7b270832773daa8fa7279004b6f5b6d8c1b2ec3e4ffe?s=96&d=mm&r=g","caption":"miriam@hipo.tv"},"url":"https:\/\/www.calfusterdetous.com\/eng\/author\/miriamhipo-tv\/"}]}},"_links":{"self":[{"href":"https:\/\/www.calfusterdetous.com\/eng\/wp-json\/wp\/v2\/posts\/27867","targetHints":{"allow":["GET"]}}],"collection":[{"href":"https:\/\/www.calfusterdetous.com\/eng\/wp-json\/wp\/v2\/posts"}],"about":[{"href":"https:\/\/www.calfusterdetous.com\/eng\/wp-json\/wp\/v2\/types\/post"}],"author":[{"embeddable":true,"href":"https:\/\/www.calfusterdetous.com\/eng\/wp-json\/wp\/v2\/users\/3"}],"replies":[{"embeddable":true,"href":"https:\/\/www.calfusterdetous.com\/eng\/wp-json\/wp\/v2\/comments?post=27867"}],"version-history":[{"count":1,"href":"https:\/\/www.calfusterdetous.com\/eng\/wp-json\/wp\/v2\/posts\/27867\/revisions"}],"predecessor-version":[{"id":27870,"href":"https:\/\/www.calfusterdetous.com\/eng\/wp-json\/wp\/v2\/posts\/27867\/revisions\/27870"}],"wp:featuredmedia":[{"embeddable":true,"href":"https:\/\/www.calfusterdetous.com\/eng\/wp-json\/wp\/v2\/media\/27869"}],"wp:attachment":[{"href":"https:\/\/www.calfusterdetous.com\/eng\/wp-json\/wp\/v2\/media?parent=27867"}],"wp:term":[{"taxonomy":"category","embeddable":true,"href":"https:\/\/www.calfusterdetous.com\/eng\/wp-json\/wp\/v2\/categories?post=27867"},{"taxonomy":"post_tag","embeddable":true,"href":"https:\/\/www.calfusterdetous.com\/eng\/wp-json\/wp\/v2\/tags?post=27867"}],"curies":[{"name":"wp","href":"https:\/\/api.w.org\/{rel}","templated":true}]}}