{"id":9314,"date":"2020-01-16T09:04:00","date_gmt":"2020-01-16T09:04:00","guid":{"rendered":"https:\/\/calfuster.hipo.tv\/?p=9314"},"modified":"2023-05-12T07:32:19","modified_gmt":"2023-05-12T07:32:19","slug":"e-bike-tour","status":"publish","type":"post","link":"https:\/\/www.calfusterdetous.com\/eng\/e-bike-tour\/","title":{"rendered":"E-Bike Tour"},"content":{"rendered":"<p>L&#8217;Anoia \u00e9s sin\u00f2nim de natura i esport a l&#8217;aire lliure, sin\u00f3 per qu\u00e8 tenim el calendari ple d&#8217;esdeveniments esportius? Ens agrada el nostre entorn i ens agrada compartir-lo! Ara, hem sumat una nova cita, un motiu m\u00e9s per aconseguir que m\u00e9s gent amant de l&#8217;esport i la natura vingui al nostre territori i en gaudeixi. Es tracta del <a href=\"https:\/\/www.calfusterdetous.com\/eng\/blog\/www.ebiketour.es\/\">Catalunya E-bike<\/a>.<\/p>\n<p>El Consell Comarcal de l\u2019Anoia i l\u2019Ajuntament d\u2019Igualada, amb el suport del Consorci de Turisme de l\u2019Alta Anoia i dels ajuntaments de Rubi\u00f3, Pujalt i Carme, han organitzat el <a href=\"https:\/\/www.calfusterdetous.com\/eng\/blog\/www.ebiketour.es\/\">Catalunya E-bike Tour<\/a>, que tindr\u00e0 lloc durant el cap de setmana del 2 i 3 de maig. Ser\u00e0 un esdeveniment no competitiu que proposa als participants de passar dos dies entre els pobles i paisatges de l\u2019Anoia, ja sigui en bicicleta de muntanya o el\u00e8ctrica.<\/p>\n<p>Els ciclistes que s\u2019uneixin a l\u2019E-bike Tour podran con\u00e8ixer i gaudir de la gent, del patrimoni, de la cultura, dels allotjaments rurals, de les visites guiades i dels productes de proximitat de la zona. Tota la informaci\u00f3 sobre el Catalunya E-bike Tour, que tindr\u00e0 com a punt de sortida i arribada Igualada, les pot trobar <a href=\"https:\/\/www.calfusterdetous.com\/eng\/blog\/www.ebiketour.es\/\">aqu\u00ed<\/a>. Tamb\u00e9 s\u2019hi poden realitzar les preinscripcions.<\/p>\n<p>Fes ja la <a href=\"http:\/\/www.calfusterdetous.com\/eng\/iniciar-reserva.html\/\">reserva<\/a> a casa nostra i assegura&#8217;t que no et quedes sense lloc on dormir. Cal Fuster de la Pla\u00e7a ser\u00e0 el teu oasis despr\u00e9s d&#8217;un dia intens.<\/p>","protected":false},"excerpt":{"rendered":"<p>L&#8217;Anoia \u00e9s sin\u00f2nim de natura i esport a l&#8217;aire lliure, sin\u00f3 per qu\u00e8 tenim el calendari ple d&#8217;esdeveniments esportius? Ens agrada el nostre entorn i ens agrada compartir-lo! Ara, hem sumat una nova cita, un motiu m\u00e9s per aconseguir que m\u00e9s gent amant de l&#8217;esport i la natura vingui al nostre territori i en gaudeixi. Es tracta del Catalunya E-bike.<\/p>","protected":false},"author":1,"featured_media":22981,"comment_status":"closed","ping_status":"closed","sticky":false,"template":"","format":"standard","meta":{"_monsterinsights_skip_tracking":false,"_monsterinsights_sitenote_active":false,"_monsterinsights_sitenote_note":"","_monsterinsights_sitenote_category":0,"footnotes":""},"categories":[237],"tags":[240],"class_list":["post-9314","post","type-post","status-publish","format-standard","has-post-thumbnail","hentry","category-noticies","tag-ebike-tour"],"yoast_head":"<!-- This site is optimized with the Yoast SEO plugin v27.4 - https:\/\/yoast.com\/product\/yoast-seo-wordpress\/ -->\n<title>E-Bike Tour - Cal Fuster de la pla\u00e7a<\/title>\n<meta name=\"robots\" content=\"index, follow, max-snippet:-1, max-image-preview:large, max-video-preview:-1\" \/>\n<link rel=\"canonical\" href=\"https:\/\/www.calfusterdetous.com\/eng\/e-bike-tour\/\" \/>\n<meta property=\"og:locale\" content=\"en_GB\" \/>\n<meta property=\"og:type\" content=\"article\" \/>\n<meta property=\"og:title\" content=\"E-Bike Tour - Cal Fuster de la pla\u00e7a\" \/>\n<meta property=\"og:description\" content=\"L&#039;Anoia \u00e9s sin\u00f2nim de natura i esport a l&#039;aire lliure, sin\u00f3 per qu\u00e8 tenim el calendari ple d&#039;esdeveniments esportius? Ens agrada el nostre entorn i ens agrada compartir-lo! Ara, hem sumat una nova cita, un motiu m\u00e9s per aconseguir que m\u00e9s gent amant de l&#039;esport i la natura vingui al nostre territori i en gaudeixi. Es tracta del Catalunya E-bike.\" \/>\n<meta property=\"og:url\" content=\"https:\/\/www.calfusterdetous.com\/eng\/e-bike-tour\/\" \/>\n<meta property=\"og:site_name\" content=\"Cal Fuster de la pla\u00e7a\" \/>\n<meta property=\"article:published_time\" content=\"2020-01-16T09:04:00+00:00\" \/>\n<meta property=\"article:modified_time\" content=\"2023-05-12T07:32:19+00:00\" \/>\n<meta property=\"og:image\" content=\"https:\/\/www.calfusterdetous.com\/wp-content\/uploads\/2020\/01\/ebike.jpg\" \/>\n\t<meta property=\"og:image:width\" content=\"840\" \/>\n\t<meta property=\"og:image:height\" content=\"440\" \/>\n\t<meta property=\"og:image:type\" content=\"image\/jpeg\" \/>\n<meta name=\"author\" content=\"admin\" \/>\n<meta name=\"twitter:card\" content=\"summary_large_image\" \/>\n<meta name=\"twitter:label1\" content=\"Written by\" \/>\n\t<meta name=\"twitter:data1\" content=\"admin\" \/>\n\t<meta name=\"twitter:label2\" content=\"Estimated reading time\" \/>\n\t<meta name=\"twitter:data2\" content=\"1 minute\" \/>\n<script type=\"application\/ld+json\" class=\"yoast-schema-graph\">{\"@context\":\"https:\\\/\\\/schema.org\",\"@graph\":[{\"@type\":\"Article\",\"@id\":\"https:\\\/\\\/www.calfusterdetous.com\\\/e-bike-tour\\\/#article\",\"isPartOf\":{\"@id\":\"https:\\\/\\\/www.calfusterdetous.com\\\/e-bike-tour\\\/\"},\"author\":{\"name\":\"admin\",\"@id\":\"https:\\\/\\\/www.calfusterdetous.com\\\/#\\\/schema\\\/person\\\/ff879d09143b96daf4fdec5143cd7a60\"},\"headline\":\"E-Bike Tour\",\"datePublished\":\"2020-01-16T09:04:00+00:00\",\"dateModified\":\"2023-05-12T07:32:19+00:00\",\"mainEntityOfPage\":{\"@id\":\"https:\\\/\\\/www.calfusterdetous.com\\\/e-bike-tour\\\/\"},\"wordCount\":247,\"publisher\":{\"@id\":\"https:\\\/\\\/www.calfusterdetous.com\\\/#organization\"},\"image\":{\"@id\":\"https:\\\/\\\/www.calfusterdetous.com\\\/e-bike-tour\\\/#primaryimage\"},\"thumbnailUrl\":\"https:\\\/\\\/www.calfusterdetous.com\\\/wp-content\\\/uploads\\\/2020\\\/01\\\/ebike.jpg\",\"keywords\":[\"eBike Tour\"],\"articleSection\":[\"Not\u00edcies\"],\"inLanguage\":\"en-GB\"},{\"@type\":\"WebPage\",\"@id\":\"https:\\\/\\\/www.calfusterdetous.com\\\/e-bike-tour\\\/\",\"url\":\"https:\\\/\\\/www.calfusterdetous.com\\\/e-bike-tour\\\/\",\"name\":\"E-Bike Tour - Cal Fuster de la pla\u00e7a\",\"isPartOf\":{\"@id\":\"https:\\\/\\\/www.calfusterdetous.com\\\/#website\"},\"primaryImageOfPage\":{\"@id\":\"https:\\\/\\\/www.calfusterdetous.com\\\/e-bike-tour\\\/#primaryimage\"},\"image\":{\"@id\":\"https:\\\/\\\/www.calfusterdetous.com\\\/e-bike-tour\\\/#primaryimage\"},\"thumbnailUrl\":\"https:\\\/\\\/www.calfusterdetous.com\\\/wp-content\\\/uploads\\\/2020\\\/01\\\/ebike.jpg\",\"datePublished\":\"2020-01-16T09:04:00+00:00\",\"dateModified\":\"2023-05-12T07:32:19+00:00\",\"breadcrumb\":{\"@id\":\"https:\\\/\\\/www.calfusterdetous.com\\\/e-bike-tour\\\/#breadcrumb\"},\"inLanguage\":\"en-GB\",\"potentialAction\":[{\"@type\":\"ReadAction\",\"target\":[\"https:\\\/\\\/www.calfusterdetous.com\\\/e-bike-tour\\\/\"]}]},{\"@type\":\"ImageObject\",\"inLanguage\":\"en-GB\",\"@id\":\"https:\\\/\\\/www.calfusterdetous.com\\\/e-bike-tour\\\/#primaryimage\",\"url\":\"https:\\\/\\\/www.calfusterdetous.com\\\/wp-content\\\/uploads\\\/2020\\\/01\\\/ebike.jpg\",\"contentUrl\":\"https:\\\/\\\/www.calfusterdetous.com\\\/wp-content\\\/uploads\\\/2020\\\/01\\\/ebike.jpg\",\"width\":840,\"height\":440},{\"@type\":\"BreadcrumbList\",\"@id\":\"https:\\\/\\\/www.calfusterdetous.com\\\/e-bike-tour\\\/#breadcrumb\",\"itemListElement\":[{\"@type\":\"ListItem\",\"position\":1,\"name\":\"Portada\",\"item\":\"https:\\\/\\\/www.calfusterdetous.com\\\/\"},{\"@type\":\"ListItem\",\"position\":2,\"name\":\"E-Bike Tour\"}]},{\"@type\":\"WebSite\",\"@id\":\"https:\\\/\\\/www.calfusterdetous.com\\\/#website\",\"url\":\"https:\\\/\\\/www.calfusterdetous.com\\\/\",\"name\":\"Cal Fuster de la pla\u00e7a\",\"description\":\"Es una acogedora casa rural en Sant Mart\u00ed de Tous, ofreciendo cinco habitaciones \u00fanicas y espacios comunes llenos de historia y leyendas locales. \",\"publisher\":{\"@id\":\"https:\\\/\\\/www.calfusterdetous.com\\\/#organization\"},\"potentialAction\":[{\"@type\":\"SearchAction\",\"target\":{\"@type\":\"EntryPoint\",\"urlTemplate\":\"https:\\\/\\\/www.calfusterdetous.com\\\/?s={search_term_string}\"},\"query-input\":{\"@type\":\"PropertyValueSpecification\",\"valueRequired\":true,\"valueName\":\"search_term_string\"}}],\"inLanguage\":\"en-GB\"},{\"@type\":\"Organization\",\"@id\":\"https:\\\/\\\/www.calfusterdetous.com\\\/#organization\",\"name\":\"Cal Fuster de la pla\u00e7a\",\"url\":\"https:\\\/\\\/www.calfusterdetous.com\\\/\",\"logo\":{\"@type\":\"ImageObject\",\"inLanguage\":\"en-GB\",\"@id\":\"https:\\\/\\\/www.calfusterdetous.com\\\/#\\\/schema\\\/logo\\\/image\\\/\",\"url\":\"https:\\\/\\\/www.calfusterdetous.com\\\/wp-content\\\/uploads\\\/2020\\\/04\\\/Recurso-2@2x.png\",\"contentUrl\":\"https:\\\/\\\/www.calfusterdetous.com\\\/wp-content\\\/uploads\\\/2020\\\/04\\\/Recurso-2@2x.png\",\"width\":441,\"height\":171,\"caption\":\"Cal Fuster de la pla\u00e7a\"},\"image\":{\"@id\":\"https:\\\/\\\/www.calfusterdetous.com\\\/#\\\/schema\\\/logo\\\/image\\\/\"}},{\"@type\":\"Person\",\"@id\":\"https:\\\/\\\/www.calfusterdetous.com\\\/#\\\/schema\\\/person\\\/ff879d09143b96daf4fdec5143cd7a60\",\"name\":\"admin\",\"image\":{\"@type\":\"ImageObject\",\"inLanguage\":\"en-GB\",\"@id\":\"https:\\\/\\\/secure.gravatar.com\\\/avatar\\\/bf21c2dcdad6b9565bdce62f5956448785334a1aa4f0a7e65b0f575778a2ce90?s=96&d=mm&r=g\",\"url\":\"https:\\\/\\\/secure.gravatar.com\\\/avatar\\\/bf21c2dcdad6b9565bdce62f5956448785334a1aa4f0a7e65b0f575778a2ce90?s=96&d=mm&r=g\",\"contentUrl\":\"https:\\\/\\\/secure.gravatar.com\\\/avatar\\\/bf21c2dcdad6b9565bdce62f5956448785334a1aa4f0a7e65b0f575778a2ce90?s=96&d=mm&r=g\",\"caption\":\"admin\"},\"sameAs\":[\"https:\\\/\\\/calfusterdetous.com\"],\"url\":\"https:\\\/\\\/www.calfusterdetous.com\\\/eng\\\/author\\\/infohipo-tv\\\/\"}]}<\/script>\n<!-- \/ Yoast SEO plugin. -->","yoast_head_json":{"title":"E-Bike Tour - Cal Fuster de la pla\u00e7a","robots":{"index":"index","follow":"follow","max-snippet":"max-snippet:-1","max-image-preview":"max-image-preview:large","max-video-preview":"max-video-preview:-1"},"canonical":"https:\/\/www.calfusterdetous.com\/eng\/e-bike-tour\/","og_locale":"en_GB","og_type":"article","og_title":"E-Bike Tour - Cal Fuster de la pla\u00e7a","og_description":"L'Anoia \u00e9s sin\u00f2nim de natura i esport a l'aire lliure, sin\u00f3 per qu\u00e8 tenim el calendari ple d'esdeveniments esportius? Ens agrada el nostre entorn i ens agrada compartir-lo! Ara, hem sumat una nova cita, un motiu m\u00e9s per aconseguir que m\u00e9s gent amant de l'esport i la natura vingui al nostre territori i en gaudeixi. Es tracta del Catalunya E-bike.","og_url":"https:\/\/www.calfusterdetous.com\/eng\/e-bike-tour\/","og_site_name":"Cal Fuster de la pla\u00e7a","article_published_time":"2020-01-16T09:04:00+00:00","article_modified_time":"2023-05-12T07:32:19+00:00","og_image":[{"width":840,"height":440,"url":"https:\/\/www.calfusterdetous.com\/wp-content\/uploads\/2020\/01\/ebike.jpg","type":"image\/jpeg"}],"author":"admin","twitter_card":"summary_large_image","twitter_misc":{"Written by":"admin","Estimated reading time":"1 minute"},"schema":{"@context":"https:\/\/schema.org","@graph":[{"@type":"Article","@id":"https:\/\/www.calfusterdetous.com\/e-bike-tour\/#article","isPartOf":{"@id":"https:\/\/www.calfusterdetous.com\/e-bike-tour\/"},"author":{"name":"admin","@id":"https:\/\/www.calfusterdetous.com\/#\/schema\/person\/ff879d09143b96daf4fdec5143cd7a60"},"headline":"E-Bike Tour","datePublished":"2020-01-16T09:04:00+00:00","dateModified":"2023-05-12T07:32:19+00:00","mainEntityOfPage":{"@id":"https:\/\/www.calfusterdetous.com\/e-bike-tour\/"},"wordCount":247,"publisher":{"@id":"https:\/\/www.calfusterdetous.com\/#organization"},"image":{"@id":"https:\/\/www.calfusterdetous.com\/e-bike-tour\/#primaryimage"},"thumbnailUrl":"https:\/\/www.calfusterdetous.com\/wp-content\/uploads\/2020\/01\/ebike.jpg","keywords":["eBike Tour"],"articleSection":["Not\u00edcies"],"inLanguage":"en-GB"},{"@type":"WebPage","@id":"https:\/\/www.calfusterdetous.com\/e-bike-tour\/","url":"https:\/\/www.calfusterdetous.com\/e-bike-tour\/","name":"E-Bike Tour - Cal Fuster de la pla\u00e7a","isPartOf":{"@id":"https:\/\/www.calfusterdetous.com\/#website"},"primaryImageOfPage":{"@id":"https:\/\/www.calfusterdetous.com\/e-bike-tour\/#primaryimage"},"image":{"@id":"https:\/\/www.calfusterdetous.com\/e-bike-tour\/#primaryimage"},"thumbnailUrl":"https:\/\/www.calfusterdetous.com\/wp-content\/uploads\/2020\/01\/ebike.jpg","datePublished":"2020-01-16T09:04:00+00:00","dateModified":"2023-05-12T07:32:19+00:00","breadcrumb":{"@id":"https:\/\/www.calfusterdetous.com\/e-bike-tour\/#breadcrumb"},"inLanguage":"en-GB","potentialAction":[{"@type":"ReadAction","target":["https:\/\/www.calfusterdetous.com\/e-bike-tour\/"]}]},{"@type":"ImageObject","inLanguage":"en-GB","@id":"https:\/\/www.calfusterdetous.com\/e-bike-tour\/#primaryimage","url":"https:\/\/www.calfusterdetous.com\/wp-content\/uploads\/2020\/01\/ebike.jpg","contentUrl":"https:\/\/www.calfusterdetous.com\/wp-content\/uploads\/2020\/01\/ebike.jpg","width":840,"height":440},{"@type":"BreadcrumbList","@id":"https:\/\/www.calfusterdetous.com\/e-bike-tour\/#breadcrumb","itemListElement":[{"@type":"ListItem","position":1,"name":"Portada","item":"https:\/\/www.calfusterdetous.com\/"},{"@type":"ListItem","position":2,"name":"E-Bike Tour"}]},{"@type":"WebSite","@id":"https:\/\/www.calfusterdetous.com\/#website","url":"https:\/\/www.calfusterdetous.com\/","name":"Carpenter of the square is needed","description":"Es una acogedora casa rural en Sant Mart\u00ed de Tous, ofreciendo cinco habitaciones \u00fanicas y espacios comunes llenos de historia y leyendas locales.","publisher":{"@id":"https:\/\/www.calfusterdetous.com\/#organization"},"potentialAction":[{"@type":"SearchAction","target":{"@type":"EntryPoint","urlTemplate":"https:\/\/www.calfusterdetous.com\/?s={search_term_string}"},"query-input":{"@type":"PropertyValueSpecification","valueRequired":true,"valueName":"search_term_string"}}],"inLanguage":"en-GB"},{"@type":"Organization","@id":"https:\/\/www.calfusterdetous.com\/#organization","name":"Carpenter of the square is needed","url":"https:\/\/www.calfusterdetous.com\/","logo":{"@type":"ImageObject","inLanguage":"en-GB","@id":"https:\/\/www.calfusterdetous.com\/#\/schema\/logo\/image\/","url":"https:\/\/www.calfusterdetous.com\/wp-content\/uploads\/2020\/04\/Recurso-2@2x.png","contentUrl":"https:\/\/www.calfusterdetous.com\/wp-content\/uploads\/2020\/04\/Recurso-2@2x.png","width":441,"height":171,"caption":"Cal Fuster de la pla\u00e7a"},"image":{"@id":"https:\/\/www.calfusterdetous.com\/#\/schema\/logo\/image\/"}},{"@type":"Person","@id":"https:\/\/www.calfusterdetous.com\/#\/schema\/person\/ff879d09143b96daf4fdec5143cd7a60","name":"admin","image":{"@type":"ImageObject","inLanguage":"en-GB","@id":"https:\/\/secure.gravatar.com\/avatar\/bf21c2dcdad6b9565bdce62f5956448785334a1aa4f0a7e65b0f575778a2ce90?s=96&d=mm&r=g","url":"https:\/\/secure.gravatar.com\/avatar\/bf21c2dcdad6b9565bdce62f5956448785334a1aa4f0a7e65b0f575778a2ce90?s=96&d=mm&r=g","contentUrl":"https:\/\/secure.gravatar.com\/avatar\/bf21c2dcdad6b9565bdce62f5956448785334a1aa4f0a7e65b0f575778a2ce90?s=96&d=mm&r=g","caption":"admin"},"sameAs":["https:\/\/calfusterdetous.com"],"url":"https:\/\/www.calfusterdetous.com\/eng\/author\/infohipo-tv\/"}]}},"_links":{"self":[{"href":"https:\/\/www.calfusterdetous.com\/eng\/wp-json\/wp\/v2\/posts\/9314","targetHints":{"allow":["GET"]}}],"collection":[{"href":"https:\/\/www.calfusterdetous.com\/eng\/wp-json\/wp\/v2\/posts"}],"about":[{"href":"https:\/\/www.calfusterdetous.com\/eng\/wp-json\/wp\/v2\/types\/post"}],"author":[{"embeddable":true,"href":"https:\/\/www.calfusterdetous.com\/eng\/wp-json\/wp\/v2\/users\/1"}],"replies":[{"embeddable":true,"href":"https:\/\/www.calfusterdetous.com\/eng\/wp-json\/wp\/v2\/comments?post=9314"}],"version-history":[{"count":0,"href":"https:\/\/www.calfusterdetous.com\/eng\/wp-json\/wp\/v2\/posts\/9314\/revisions"}],"wp:featuredmedia":[{"embeddable":true,"href":"https:\/\/www.calfusterdetous.com\/eng\/wp-json\/wp\/v2\/media\/22981"}],"wp:attachment":[{"href":"https:\/\/www.calfusterdetous.com\/eng\/wp-json\/wp\/v2\/media?parent=9314"}],"wp:term":[{"taxonomy":"category","embeddable":true,"href":"https:\/\/www.calfusterdetous.com\/eng\/wp-json\/wp\/v2\/categories?post=9314"},{"taxonomy":"post_tag","embeddable":true,"href":"https:\/\/www.calfusterdetous.com\/eng\/wp-json\/wp\/v2\/tags?post=9314"}],"curies":[{"name":"wp","href":"https:\/\/api.w.org\/{rel}","templated":true}]}}